{"id":63336,"date":"2021-02-18T14:51:33","date_gmt":"2021-02-18T17:51:33","guid":{"rendered":"https:\/\/crarn.org.br\/?p=63336"},"modified":"2021-02-18T14:51:36","modified_gmt":"2021-02-18T17:51:36","slug":"cra-rn-reune-conselheiros-na-segunda-plenaria-de-2021","status":"publish","type":"post","link":"https:\/\/crarn.org.br\/?p=63336","title":{"rendered":"CRA-RN re\u00fane conselheiros na segunda plen\u00e1ria de 2021"},"content":{"rendered":"\n<p>\u00a0<\/p>\n<p>Durante toda a manh\u00e3 desta quinta-feira (18\/02), os conselheiros do CRA-RN participaram da reuni\u00e3o plen\u00e1ria do m\u00eas de fevereiro.<\/p>\n<p>A reuni\u00e3o ocorreu de forma h\u00edbrida com a presen\u00e7a de todos os conselheiros efetivos e alguns suplentes. Participaram presencialmente, o presidente Fl\u00e1vio Em\u00edlio; o vice, Rodrigo Fortunato; a diretora administrativa financeira, Kate Maciel; o diretor de Registro e Fiscaliza\u00e7\u00e3o, Di\u00eago Dantas; a diretora de Forma\u00e7\u00e3o Profissional, Isabella Mendon\u00e7a e o conselheiro Pablo Phorlan. On line, estavam, ainda, os conselheiros titulares, C\u00e9lia Ribeiro; Nivaldo Pessoa e Zen\u00f3bio Oliveira, e os suplentes Adrina de Souza, Francigley Amorim, Alice Dantas, Maria das Neves Maia e Daniel Fons\u00eaca.<\/p>\n<p>O presidente abriu o encontro mencionando a sua participa\u00e7\u00e3o no 1\u00ba F\u00f3rum de Presidentes, realizado em Bras\u00edlia, no in\u00edcio do m\u00eas, quando foram tratados v\u00e1rios assuntos relativos ao Sistema CFA\/CRAs.<\/p>\n<p>V\u00e1rios pontos importantes foram discutidos durante a plen\u00e1ria. Entre eles, est\u00e3o o PRODER 2021; aprova\u00e7\u00e3o do Novo Regimento Interno; Lista Tr\u00edplice para a vaga no Col\u00e9gio de Vogais da JUCERN; Planejamento estrat\u00e9gico 2021-2022; Plano de Fiscaliza\u00e7\u00e3o; defini\u00e7\u00e3o e posse do representante do CRA-RN na seccional de Mossor\u00f3 e parcerias; contatos com as IES; Programas Conecta Adm e Desenvolve Adm, al\u00e9m dos assuntos financeiros e administrativos usuais.<\/p>\n<button class=\"simplefavorite-button\" data-postid=\"63336\" data-siteid=\"1\" data-groupid=\"1\" data-favoritecount=\"0\" style=\"\">Favorite <i class=\"sf-icon-star-empty\"><\/i><\/button>","protected":false},"excerpt":{"rendered":"<p>\u00a0 Durante toda a manh\u00e3 desta quinta-feira (18\/02), os conselheiros do CRA-RN participaram da reuni\u00e3o plen\u00e1ria do m\u00eas de fevereiro. A reuni\u00e3o ocorreu de forma h\u00edbrida com a presen\u00e7a de todos os conselheiros efetivos e alguns suplentes. Participaram presencialmente, o presidente Fl\u00e1vio Em\u00edlio; o vice, Rodrigo Fortunato; a diretora administrativa financeira, Kate Maciel; o diretor<a class=\"read-more\" href=\"https:\/\/crarn.org.br\/?p=63336\"> [&hellip;]<\/a><\/p>\n","protected":false},"author":26,"featured_media":63337,"comment_status":"closed","ping_status":"open","sticky":true,"template":"","format":"standard","meta":{"_price":"","_stock":"","_tribe_ticket_header":"","_tribe_default_ticket_provider":"","_tribe_ticket_capacity":"0","_ticket_start_date":"","_ticket_end_date":"","_tribe_ticket_show_description":"","_tribe_ticket_show_not_going":false,"_tribe_ticket_use_global_stock":"","_tribe_ticket_global_stock_level":"","_global_stock_mode":"","_global_stock_cap":"","_tribe_rsvp_for_event":"","_tribe_ticket_going_count":"","_tribe_ticket_not_going_count":"","_tribe_tickets_list":"[]","_tribe_ticket_has_attendee_info_fields":false,"footnotes":"","_links_to":"","_links_to_target":""},"categories":[547,312,320,309],"tags":[],"class_list":["post-63336","post","type-post","status-publish","format-standard","has-post-thumbnail","hentry","category-ano-2021","category-destaque-pequeno-inferior","category-home","category-ultimas-noticias","entry","has-media"],"_links":{"self":[{"href":"https:\/\/crarn.org.br\/index.php?rest_route=\/wp\/v2\/posts\/63336","targetHints":{"allow":["GET"]}}],"collection":[{"href":"https:\/\/crarn.org.br\/index.php?rest_route=\/wp\/v2\/posts"}],"about":[{"href":"https:\/\/crarn.org.br\/index.php?rest_route=\/wp\/v2\/types\/post"}],"author":[{"embeddable":true,"href":"https:\/\/crarn.org.br\/index.php?rest_route=\/wp\/v2\/users\/26"}],"replies":[{"embeddable":true,"href":"https:\/\/crarn.org.br\/index.php?rest_route=%2Fwp%2Fv2%2Fcomments&post=63336"}],"version-history":[{"count":2,"href":"https:\/\/crarn.org.br\/index.php?rest_route=\/wp\/v2\/posts\/63336\/revisions"}],"predecessor-version":[{"id":63339,"href":"https:\/\/crarn.org.br\/index.php?rest_route=\/wp\/v2\/posts\/63336\/revisions\/63339"}],"wp:featuredmedia":[{"embeddable":true,"href":"https:\/\/crarn.org.br\/index.php?rest_route=\/wp\/v2\/media\/63337"}],"wp:attachment":[{"href":"https:\/\/crarn.org.br\/index.php?rest_route=%2Fwp%2Fv2%2Fmedia&parent=63336"}],"wp:term":[{"taxonomy":"category","embeddable":true,"href":"https:\/\/crarn.org.br\/index.php?rest_route=%2Fwp%2Fv2%2Fcategories&post=63336"},{"taxonomy":"post_tag","embeddable":true,"href":"https:\/\/crarn.org.br\/index.php?rest_route=%2Fwp%2Fv2%2Ftags&post=63336"}],"curies":[{"name":"wp","href":"https:\/\/api.w.org\/{rel}","templated":true}]}}