{"id":63321,"date":"2021-02-12T16:11:54","date_gmt":"2021-02-12T19:11:54","guid":{"rendered":"https:\/\/crarn.org.br\/?p=63321"},"modified":"2021-02-12T16:11:57","modified_gmt":"2021-02-12T19:11:57","slug":"cra-rn-e-senac-renovam-parceria","status":"publish","type":"post","link":"https:\/\/crarn.org.br\/?p=63321","title":{"rendered":"CRA-RN E SENAC renovam parceria"},"content":{"rendered":"\n<p>&nbsp;<\/p>\n<p>Nesta quinta-feira (11\/02), o presidente do Conselho Regional de Administra\u00e7\u00e3o do RN, Fl\u00e1vio Em\u00edlio Cavalcanti, se reuniu com o consultor comercial do Senac\/RN, Arthur Paiva, com o objetivo de renovar a parceria entre as duas institui\u00e7\u00f5es.<\/p>\n<p>De acordo com o conv\u00eanio, os funcion\u00e1rios e profissionais registrados e adimplentes com o CRA-RN t\u00eam direito a descontos, atrav\u00e9s do Clube de Benef\u00edcios, em v\u00e1rios cursos oferecidos pelo Senac. Os descontos variam de 15% a 20% \u2013 de acordo com o curso \u2013 e s\u00e3o extensivos aos dependentes legais.<\/p>\n<p>&nbsp;<\/p>\n<button class=\"simplefavorite-button\" data-postid=\"63321\" data-siteid=\"1\" data-groupid=\"1\" data-favoritecount=\"0\" style=\"\">Favorite <i class=\"sf-icon-star-empty\"><\/i><\/button>","protected":false},"excerpt":{"rendered":"<p>&nbsp; Nesta quinta-feira (11\/02), o presidente do Conselho Regional de Administra\u00e7\u00e3o do RN, Fl\u00e1vio Em\u00edlio Cavalcanti, se reuniu com o consultor comercial do Senac\/RN, Arthur Paiva, com o objetivo de renovar a parceria entre as duas institui\u00e7\u00f5es. De acordo com o conv\u00eanio, os funcion\u00e1rios e profissionais registrados e adimplentes com o CRA-RN t\u00eam direito a<a class=\"read-more\" href=\"https:\/\/crarn.org.br\/?p=63321\"> [&hellip;]<\/a><\/p>\n","protected":false},"author":26,"featured_media":63322,"comment_status":"closed","ping_status":"open","sticky":true,"template":"","format":"standard","meta":{"_price":"","_stock":"","_tribe_ticket_header":"","_tribe_default_ticket_provider":"","_tribe_ticket_capacity":"0","_ticket_start_date":"","_ticket_end_date":"","_tribe_ticket_show_description":"","_tribe_ticket_show_not_going":false,"_tribe_ticket_use_global_stock":"","_tribe_ticket_global_stock_level":"","_global_stock_mode":"","_global_stock_cap":"","_tribe_rsvp_for_event":"","_tribe_ticket_going_count":"","_tribe_ticket_not_going_count":"","_tribe_tickets_list":"[]","_tribe_ticket_has_attendee_info_fields":false,"footnotes":"","_links_to":"","_links_to_target":""},"categories":[547,312,320,399,309],"tags":[567],"class_list":["post-63321","post","type-post","status-publish","format-standard","has-post-thumbnail","hentry","category-ano-2021","category-destaque-pequeno-inferior","category-home","category-institucional","category-ultimas-noticias","tag-convenios","entry","has-media"],"_links":{"self":[{"href":"https:\/\/crarn.org.br\/index.php?rest_route=\/wp\/v2\/posts\/63321","targetHints":{"allow":["GET"]}}],"collection":[{"href":"https:\/\/crarn.org.br\/index.php?rest_route=\/wp\/v2\/posts"}],"about":[{"href":"https:\/\/crarn.org.br\/index.php?rest_route=\/wp\/v2\/types\/post"}],"author":[{"embeddable":true,"href":"https:\/\/crarn.org.br\/index.php?rest_route=\/wp\/v2\/users\/26"}],"replies":[{"embeddable":true,"href":"https:\/\/crarn.org.br\/index.php?rest_route=%2Fwp%2Fv2%2Fcomments&post=63321"}],"version-history":[{"count":2,"href":"https:\/\/crarn.org.br\/index.php?rest_route=\/wp\/v2\/posts\/63321\/revisions"}],"predecessor-version":[{"id":63324,"href":"https:\/\/crarn.org.br\/index.php?rest_route=\/wp\/v2\/posts\/63321\/revisions\/63324"}],"wp:featuredmedia":[{"embeddable":true,"href":"https:\/\/crarn.org.br\/index.php?rest_route=\/wp\/v2\/media\/63322"}],"wp:attachment":[{"href":"https:\/\/crarn.org.br\/index.php?rest_route=%2Fwp%2Fv2%2Fmedia&parent=63321"}],"wp:term":[{"taxonomy":"category","embeddable":true,"href":"https:\/\/crarn.org.br\/index.php?rest_route=%2Fwp%2Fv2%2Fcategories&post=63321"},{"taxonomy":"post_tag","embeddable":true,"href":"https:\/\/crarn.org.br\/index.php?rest_route=%2Fwp%2Fv2%2Ftags&post=63321"}],"curies":[{"name":"wp","href":"https:\/\/api.w.org\/{rel}","templated":true}]}}