{"id":63298,"date":"2021-02-11T10:02:48","date_gmt":"2021-02-11T13:02:48","guid":{"rendered":"https:\/\/crarn.org.br\/?p=63298"},"modified":"2021-02-11T10:02:51","modified_gmt":"2021-02-11T13:02:51","slug":"participe-dos-grupos-oficiais-do-cra-rn","status":"publish","type":"post","link":"https:\/\/crarn.org.br\/?p=63298","title":{"rendered":"Participe dos grupos oficiais do CRA-RN"},"content":{"rendered":"\n<p>\u00a0<\/p>\n<p>O CRA-RN disp\u00f5e de dois canais de divulga\u00e7\u00e3o das a\u00e7\u00f5es e atividades do regional e do Sistema CFA\/CRAs, s\u00e3o os grupos de WhatsApp CRA-RN OFICIAL 1 e CRA-RN OFICIAL 2.<\/p>\n<p>S\u00e3o grupos institucionais, com o objetivo de divulga\u00e7\u00e3o e, por isso, apenas os administradores podem publicar mensagens.<\/p>\n<p>O conte\u00fado divulgado neles \u00e9 o mesmo, mas como existe um n\u00famero limite de participantes, caso n\u00e3o consiga entrar em um grupo, tente o link do outro.<\/p>\n<p>Acesse um dos links para entrar em um dos grupos de WhatsApp e fique por dentro de informa\u00e7\u00f5es importantes para a profiss\u00e3o.<\/p>\n<p>\u00a0<\/p>\n<p>Grupo 1 &#8211; <a href=\"https:\/\/chat.whatsapp.com\/LWWC3HalCBtCbppBL6iKIK\">https:\/\/chat.whatsapp.com\/LWWC3HalCBtCbppBL6iKIK<\/a><\/p>\n<p>Grupo 2 &#8211; <a href=\"https:\/\/chat.whatsapp.com\/HrCxjDhvTeBAuQzdIs5E05\">https:\/\/chat.whatsapp.com\/HrCxjDhvTeBAuQzdIs5E05<\/a><\/p>\n<button class=\"simplefavorite-button\" data-postid=\"63298\" data-siteid=\"1\" data-groupid=\"1\" data-favoritecount=\"0\" style=\"\">Favorite <i class=\"sf-icon-star-empty\"><\/i><\/button>","protected":false},"excerpt":{"rendered":"<p>\u00a0 O CRA-RN disp\u00f5e de dois canais de divulga\u00e7\u00e3o das a\u00e7\u00f5es e atividades do regional e do Sistema CFA\/CRAs, s\u00e3o os grupos de WhatsApp CRA-RN OFICIAL 1 e CRA-RN OFICIAL 2. S\u00e3o grupos institucionais, com o objetivo de divulga\u00e7\u00e3o e, por isso, apenas os administradores podem publicar mensagens. O conte\u00fado divulgado neles \u00e9 o mesmo,<a class=\"read-more\" href=\"https:\/\/crarn.org.br\/?p=63298\"> [&hellip;]<\/a><\/p>\n","protected":false},"author":26,"featured_media":63299,"comment_status":"closed","ping_status":"open","sticky":false,"template":"","format":"standard","meta":{"_price":"","_stock":"","_tribe_ticket_header":"","_tribe_default_ticket_provider":"","_tribe_ticket_capacity":"0","_ticket_start_date":"","_ticket_end_date":"","_tribe_ticket_show_description":"","_tribe_ticket_show_not_going":false,"_tribe_ticket_use_global_stock":"","_tribe_ticket_global_stock_level":"","_global_stock_mode":"","_global_stock_cap":"","_tribe_rsvp_for_event":"","_tribe_ticket_going_count":"","_tribe_ticket_not_going_count":"","_tribe_tickets_list":"[]","_tribe_ticket_has_attendee_info_fields":false,"footnotes":"","_links_to":"","_links_to_target":""},"categories":[547,310,320,399,309],"tags":[],"class_list":["post-63298","post","type-post","status-publish","format-standard","has-post-thumbnail","hentry","category-ano-2021","category-destaque-grande","category-home","category-institucional","category-ultimas-noticias","entry","has-media"],"_links":{"self":[{"href":"https:\/\/crarn.org.br\/index.php?rest_route=\/wp\/v2\/posts\/63298","targetHints":{"allow":["GET"]}}],"collection":[{"href":"https:\/\/crarn.org.br\/index.php?rest_route=\/wp\/v2\/posts"}],"about":[{"href":"https:\/\/crarn.org.br\/index.php?rest_route=\/wp\/v2\/types\/post"}],"author":[{"embeddable":true,"href":"https:\/\/crarn.org.br\/index.php?rest_route=\/wp\/v2\/users\/26"}],"replies":[{"embeddable":true,"href":"https:\/\/crarn.org.br\/index.php?rest_route=%2Fwp%2Fv2%2Fcomments&post=63298"}],"version-history":[{"count":1,"href":"https:\/\/crarn.org.br\/index.php?rest_route=\/wp\/v2\/posts\/63298\/revisions"}],"predecessor-version":[{"id":63300,"href":"https:\/\/crarn.org.br\/index.php?rest_route=\/wp\/v2\/posts\/63298\/revisions\/63300"}],"wp:featuredmedia":[{"embeddable":true,"href":"https:\/\/crarn.org.br\/index.php?rest_route=\/wp\/v2\/media\/63299"}],"wp:attachment":[{"href":"https:\/\/crarn.org.br\/index.php?rest_route=%2Fwp%2Fv2%2Fmedia&parent=63298"}],"wp:term":[{"taxonomy":"category","embeddable":true,"href":"https:\/\/crarn.org.br\/index.php?rest_route=%2Fwp%2Fv2%2Fcategories&post=63298"},{"taxonomy":"post_tag","embeddable":true,"href":"https:\/\/crarn.org.br\/index.php?rest_route=%2Fwp%2Fv2%2Ftags&post=63298"}],"curies":[{"name":"wp","href":"https:\/\/api.w.org\/{rel}","templated":true}]}}