{"id":63295,"date":"2021-02-10T16:40:59","date_gmt":"2021-02-10T19:40:59","guid":{"rendered":"https:\/\/crarn.org.br\/?p=63295"},"modified":"2021-02-10T16:41:01","modified_gmt":"2021-02-10T19:41:01","slug":"cra-rn-contesta-edital-da-prefeitura-de-sao-fernando","status":"publish","type":"post","link":"https:\/\/crarn.org.br\/?p=63295","title":{"rendered":"CRA-RN contesta edital da Prefeitura de S\u00e3o Fernando"},"content":{"rendered":"\n<p>\u00a0<\/p>\n<p>Recentemente, a equipe de fiscaliza\u00e7\u00e3o do CRA-RN tomou conhecimento do Preg\u00e3o Presencial N\u00ba 0002\/2021, \u00a0da Prefeitura de S\u00e3o Fernando, que tem como objeto a contrata\u00e7\u00e3o de empresas para servi\u00e7os terceirizados com fornecimento de m\u00e3o de obra, de forma n\u00e3o continuada.<\/p>\n<p>Ap\u00f3s estudar o documento, foi observado que o Edital reconhece, erroneamente, o Conselho Regional de Engenharia e Agronomia (CREA) como o \u00f3rg\u00e3o competente. Na realidade, os dispositivos previstos no edital claramente classificam e tipificam a presta\u00e7\u00e3o de servi\u00e7os com terceiriza\u00e7\u00e3o de m\u00e3o de obra prestada para terceiros, como \u00e1rea e atividade t\u00edpica e privativa do administrador, portanto, sujeita ao registro e fiscaliza\u00e7\u00e3o do CRA-RN.<\/p>\n<p>Diante destas observa\u00e7\u00f5es, o regional solicitou que fosse feita uma reconsidera\u00e7\u00e3o do item da qualifica\u00e7\u00e3o t\u00e9cnica do edital, exigindo a retirada do CREA como \u00f3rg\u00e3o competente, inserindo a obrigatoriedade da comprova\u00e7\u00e3o do registro da empresa licitante, da anota\u00e7\u00e3o da responsabilidade t\u00e9cnica, bem como da apresenta\u00e7\u00e3o dos Atestados de Capacidade T\u00e9cnica devidamente registrados no Conselho Regional de Administra\u00e7\u00e3o do Rio Grande do Norte.<\/p>\n<p>O regional deu um prazo de 24 horas para a prefeitura se pronunciar.<\/p>\n<button class=\"simplefavorite-button\" data-postid=\"63295\" data-siteid=\"1\" data-groupid=\"1\" data-favoritecount=\"0\" style=\"\">Favorite <i class=\"sf-icon-star-empty\"><\/i><\/button>","protected":false},"excerpt":{"rendered":"<p>\u00a0 Recentemente, a equipe de fiscaliza\u00e7\u00e3o do CRA-RN tomou conhecimento do Preg\u00e3o Presencial N\u00ba 0002\/2021, \u00a0da Prefeitura de S\u00e3o Fernando, que tem como objeto a contrata\u00e7\u00e3o de empresas para servi\u00e7os terceirizados com fornecimento de m\u00e3o de obra, de forma n\u00e3o continuada. Ap\u00f3s estudar o documento, foi observado que o Edital reconhece, erroneamente, o Conselho Regional<a class=\"read-more\" href=\"https:\/\/crarn.org.br\/?p=63295\"> [&hellip;]<\/a><\/p>\n","protected":false},"author":26,"featured_media":63296,"comment_status":"closed","ping_status":"open","sticky":true,"template":"","format":"standard","meta":{"_price":"","_stock":"","_tribe_ticket_header":"","_tribe_default_ticket_provider":"","_tribe_ticket_capacity":"0","_ticket_start_date":"","_ticket_end_date":"","_tribe_ticket_show_description":"","_tribe_ticket_show_not_going":false,"_tribe_ticket_use_global_stock":"","_tribe_ticket_global_stock_level":"","_global_stock_mode":"","_global_stock_cap":"","_tribe_rsvp_for_event":"","_tribe_ticket_going_count":"","_tribe_ticket_not_going_count":"","_tribe_tickets_list":"[]","_tribe_ticket_has_attendee_info_fields":false,"footnotes":"","_links_to":"","_links_to_target":""},"categories":[547,312,320,399,309],"tags":[566],"class_list":["post-63295","post","type-post","status-publish","format-standard","has-post-thumbnail","hentry","category-ano-2021","category-destaque-pequeno-inferior","category-home","category-institucional","category-ultimas-noticias","tag-fiscalizacao","entry","has-media"],"_links":{"self":[{"href":"https:\/\/crarn.org.br\/index.php?rest_route=\/wp\/v2\/posts\/63295","targetHints":{"allow":["GET"]}}],"collection":[{"href":"https:\/\/crarn.org.br\/index.php?rest_route=\/wp\/v2\/posts"}],"about":[{"href":"https:\/\/crarn.org.br\/index.php?rest_route=\/wp\/v2\/types\/post"}],"author":[{"embeddable":true,"href":"https:\/\/crarn.org.br\/index.php?rest_route=\/wp\/v2\/users\/26"}],"replies":[{"embeddable":true,"href":"https:\/\/crarn.org.br\/index.php?rest_route=%2Fwp%2Fv2%2Fcomments&post=63295"}],"version-history":[{"count":1,"href":"https:\/\/crarn.org.br\/index.php?rest_route=\/wp\/v2\/posts\/63295\/revisions"}],"predecessor-version":[{"id":63297,"href":"https:\/\/crarn.org.br\/index.php?rest_route=\/wp\/v2\/posts\/63295\/revisions\/63297"}],"wp:featuredmedia":[{"embeddable":true,"href":"https:\/\/crarn.org.br\/index.php?rest_route=\/wp\/v2\/media\/63296"}],"wp:attachment":[{"href":"https:\/\/crarn.org.br\/index.php?rest_route=%2Fwp%2Fv2%2Fmedia&parent=63295"}],"wp:term":[{"taxonomy":"category","embeddable":true,"href":"https:\/\/crarn.org.br\/index.php?rest_route=%2Fwp%2Fv2%2Fcategories&post=63295"},{"taxonomy":"post_tag","embeddable":true,"href":"https:\/\/crarn.org.br\/index.php?rest_route=%2Fwp%2Fv2%2Ftags&post=63295"}],"curies":[{"name":"wp","href":"https:\/\/api.w.org\/{rel}","templated":true}]}}