{"id":63292,"date":"2021-02-10T13:41:52","date_gmt":"2021-02-10T16:41:52","guid":{"rendered":"https:\/\/crarn.org.br\/?p=63292"},"modified":"2021-02-23T16:47:47","modified_gmt":"2021-02-23T19:47:47","slug":"edital-do-detran-e-suspenso-apos-questionamento-do-cra-rn","status":"publish","type":"post","link":"https:\/\/crarn.org.br\/?p=63292","title":{"rendered":"Edital do DETRAN \u00e9 suspenso ap\u00f3s questionamento do CRA-RN"},"content":{"rendered":"\n<p>\u00a0<\/p>\n<p>No in\u00edcio do m\u00eas de fevereiro, a fiscaliza\u00e7\u00e3o do CRA-RN entrou com pedido de suspens\u00e3o contra o Edital de Preg\u00e3o Eletr\u00f4nico N\u00ba 001\/2021 do DETRAN\/RN que tem como objeto a contrata\u00e7\u00e3o de empresa destinada \u00e0 presta\u00e7\u00e3o de servi\u00e7os de vigil\u00e2ncia armada, vigil\u00e2ncia desarmada e vigil\u00e2ncia armada m\u00f3vel motorizada.<\/p>\n<p>Ao analisar o documento, a equipe de fiscaliza\u00e7\u00e3o detectou que os dispositivos previstos classificam e tipificam o objeto como sendo de presta\u00e7\u00e3o de servi\u00e7os de terceiriza\u00e7\u00e3o de m\u00e3o de obra especializada, atividades t\u00edpicas e privativas do administrador, sujeitas ao registro e fiscaliza\u00e7\u00e3o do regional.<\/p>\n<p>Desta forma, o CRA-RN entrou com um pedido de retifica\u00e7\u00e3o, no sentido de incluir, no item referente \u00e0 qualifica\u00e7\u00e3o t\u00e9cnica, a obrigatoriedade do registro da empresa licitante, da anota\u00e7\u00e3o da responsabilidade t\u00e9cnica, bem como da apresenta\u00e7\u00e3o dos Atestados de Capacidade T\u00e9cnica devidamente registrados no \u00f3rg\u00e3o competente, neste caso, o Conselho Regional de Administra\u00e7\u00e3o.<\/p>\n<p>Diante da solicita\u00e7\u00e3o e, ap\u00f3s analisar os dispositivos legais, o DETRAN-RN decidiu pela suspens\u00e3o do processo, cuja decis\u00e3o j\u00e1 foi publicada no Di\u00e1rio Oficial do RN.<\/p>\n<p>Este foi mais um dos v\u00e1rios editais que o regional analisou e entrou com contesta\u00e7\u00e3o. O trabalho vem sendo feito rotineiramente ou sempre que a fiscaliza\u00e7\u00e3o recebe den\u00fancia. O resultado de a\u00e7\u00f5es como essa \u00e9 o entendimento de que o tipo de servi\u00e7o constante no preg\u00e3o est\u00e1 entre as atividades privativas do administrador e, com isso, evitar que outros editais cometam o mesmo erro.<\/p>\n<button class=\"simplefavorite-button\" data-postid=\"63292\" data-siteid=\"1\" data-groupid=\"1\" data-favoritecount=\"0\" style=\"\">Favorite <i class=\"sf-icon-star-empty\"><\/i><\/button>","protected":false},"excerpt":{"rendered":"<p>\u00a0 No in\u00edcio do m\u00eas de fevereiro, a fiscaliza\u00e7\u00e3o do CRA-RN entrou com pedido de suspens\u00e3o contra o Edital de Preg\u00e3o Eletr\u00f4nico N\u00ba 001\/2021 do DETRAN\/RN que tem como objeto a contrata\u00e7\u00e3o de empresa destinada \u00e0 presta\u00e7\u00e3o de servi\u00e7os de vigil\u00e2ncia armada, vigil\u00e2ncia desarmada e vigil\u00e2ncia armada m\u00f3vel motorizada. Ao analisar o documento, a equipe<a class=\"read-more\" href=\"https:\/\/crarn.org.br\/?p=63292\"> [&hellip;]<\/a><\/p>\n","protected":false},"author":26,"featured_media":63293,"comment_status":"closed","ping_status":"open","sticky":true,"template":"","format":"standard","meta":{"_price":"","_stock":"","_tribe_ticket_header":"","_tribe_default_ticket_provider":"","_tribe_ticket_capacity":"0","_ticket_start_date":"","_ticket_end_date":"","_tribe_ticket_show_description":"","_tribe_ticket_show_not_going":false,"_tribe_ticket_use_global_stock":"","_tribe_ticket_global_stock_level":"","_global_stock_mode":"","_global_stock_cap":"","_tribe_rsvp_for_event":"","_tribe_ticket_going_count":"","_tribe_ticket_not_going_count":"","_tribe_tickets_list":"[]","_tribe_ticket_has_attendee_info_fields":false,"footnotes":"","_links_to":"","_links_to_target":""},"categories":[547,311,320,399,309],"tags":[],"class_list":["post-63292","post","type-post","status-publish","format-standard","has-post-thumbnail","hentry","category-ano-2021","category-destaque-pequeno-superior","category-home","category-institucional","category-ultimas-noticias","entry","has-media"],"_links":{"self":[{"href":"https:\/\/crarn.org.br\/index.php?rest_route=\/wp\/v2\/posts\/63292","targetHints":{"allow":["GET"]}}],"collection":[{"href":"https:\/\/crarn.org.br\/index.php?rest_route=\/wp\/v2\/posts"}],"about":[{"href":"https:\/\/crarn.org.br\/index.php?rest_route=\/wp\/v2\/types\/post"}],"author":[{"embeddable":true,"href":"https:\/\/crarn.org.br\/index.php?rest_route=\/wp\/v2\/users\/26"}],"replies":[{"embeddable":true,"href":"https:\/\/crarn.org.br\/index.php?rest_route=%2Fwp%2Fv2%2Fcomments&post=63292"}],"version-history":[{"count":1,"href":"https:\/\/crarn.org.br\/index.php?rest_route=\/wp\/v2\/posts\/63292\/revisions"}],"predecessor-version":[{"id":63294,"href":"https:\/\/crarn.org.br\/index.php?rest_route=\/wp\/v2\/posts\/63292\/revisions\/63294"}],"wp:featuredmedia":[{"embeddable":true,"href":"https:\/\/crarn.org.br\/index.php?rest_route=\/wp\/v2\/media\/63293"}],"wp:attachment":[{"href":"https:\/\/crarn.org.br\/index.php?rest_route=%2Fwp%2Fv2%2Fmedia&parent=63292"}],"wp:term":[{"taxonomy":"category","embeddable":true,"href":"https:\/\/crarn.org.br\/index.php?rest_route=%2Fwp%2Fv2%2Fcategories&post=63292"},{"taxonomy":"post_tag","embeddable":true,"href":"https:\/\/crarn.org.br\/index.php?rest_route=%2Fwp%2Fv2%2Ftags&post=63292"}],"curies":[{"name":"wp","href":"https:\/\/api.w.org\/{rel}","templated":true}]}}