{"id":63289,"date":"2021-02-08T16:51:47","date_gmt":"2021-02-08T19:51:47","guid":{"rendered":"https:\/\/crarn.org.br\/?p=63289"},"modified":"2021-02-08T16:51:49","modified_gmt":"2021-02-08T19:51:49","slug":"cra-rn-planeja-acoes-com-sindicato-dos-condominios-do-rn","status":"publish","type":"post","link":"https:\/\/crarn.org.br\/?p=63289","title":{"rendered":"CRA-RN planeja a\u00e7\u00f5es com Sindicato dos Condom\u00ednios do RN"},"content":{"rendered":"\n<p>\u00a0<\/p>\n<p>Na semana passada, o diretor de Fiscaliza\u00e7\u00e3o e Registro do CRA-RN, Di\u00eago de Lima Dantas, se reuniu com o presidente do SIPCERN, Luiz Val\u00e9rio Dutra Filho.<\/p>\n<p>Durante a reuni\u00e3o, realizada online, os representantes das duas entidades trataram sobre o fortalecimento da parceria, visando a legaliza\u00e7\u00e3o das empresas administradoras de condom\u00ednios e sobre a legisla\u00e7\u00e3o vigente para esta atividade.<\/p>\n<p>Um outro ponto foi a proposta de realiza\u00e7\u00e3o de um encontro virtual com a participa\u00e7\u00e3o do CRA-RN, do SIPCERN, de s\u00edndicos, administradoras etc.<\/p>\n<button class=\"simplefavorite-button\" data-postid=\"63289\" data-siteid=\"1\" data-groupid=\"1\" data-favoritecount=\"0\" style=\"\">Favorite <i class=\"sf-icon-star-empty\"><\/i><\/button>","protected":false},"excerpt":{"rendered":"<p>\u00a0 Na semana passada, o diretor de Fiscaliza\u00e7\u00e3o e Registro do CRA-RN, Di\u00eago de Lima Dantas, se reuniu com o presidente do SIPCERN, Luiz Val\u00e9rio Dutra Filho. Durante a reuni\u00e3o, realizada online, os representantes das duas entidades trataram sobre o fortalecimento da parceria, visando a legaliza\u00e7\u00e3o das empresas administradoras de condom\u00ednios e sobre a legisla\u00e7\u00e3o<a class=\"read-more\" href=\"https:\/\/crarn.org.br\/?p=63289\"> [&hellip;]<\/a><\/p>\n","protected":false},"author":26,"featured_media":63290,"comment_status":"closed","ping_status":"open","sticky":true,"template":"","format":"standard","meta":{"_price":"","_stock":"","_tribe_ticket_header":"","_tribe_default_ticket_provider":"","_tribe_ticket_capacity":"0","_ticket_start_date":"","_ticket_end_date":"","_tribe_ticket_show_description":"","_tribe_ticket_show_not_going":false,"_tribe_ticket_use_global_stock":"","_tribe_ticket_global_stock_level":"","_global_stock_mode":"","_global_stock_cap":"","_tribe_rsvp_for_event":"","_tribe_ticket_going_count":"","_tribe_ticket_not_going_count":"","_tribe_tickets_list":"[]","_tribe_ticket_has_attendee_info_fields":false,"footnotes":"","_links_to":"","_links_to_target":""},"categories":[547,312,320,309],"tags":[566],"class_list":["post-63289","post","type-post","status-publish","format-standard","has-post-thumbnail","hentry","category-ano-2021","category-destaque-pequeno-inferior","category-home","category-ultimas-noticias","tag-fiscalizacao","entry","has-media"],"_links":{"self":[{"href":"https:\/\/crarn.org.br\/index.php?rest_route=\/wp\/v2\/posts\/63289","targetHints":{"allow":["GET"]}}],"collection":[{"href":"https:\/\/crarn.org.br\/index.php?rest_route=\/wp\/v2\/posts"}],"about":[{"href":"https:\/\/crarn.org.br\/index.php?rest_route=\/wp\/v2\/types\/post"}],"author":[{"embeddable":true,"href":"https:\/\/crarn.org.br\/index.php?rest_route=\/wp\/v2\/users\/26"}],"replies":[{"embeddable":true,"href":"https:\/\/crarn.org.br\/index.php?rest_route=%2Fwp%2Fv2%2Fcomments&post=63289"}],"version-history":[{"count":1,"href":"https:\/\/crarn.org.br\/index.php?rest_route=\/wp\/v2\/posts\/63289\/revisions"}],"predecessor-version":[{"id":63291,"href":"https:\/\/crarn.org.br\/index.php?rest_route=\/wp\/v2\/posts\/63289\/revisions\/63291"}],"wp:featuredmedia":[{"embeddable":true,"href":"https:\/\/crarn.org.br\/index.php?rest_route=\/wp\/v2\/media\/63290"}],"wp:attachment":[{"href":"https:\/\/crarn.org.br\/index.php?rest_route=%2Fwp%2Fv2%2Fmedia&parent=63289"}],"wp:term":[{"taxonomy":"category","embeddable":true,"href":"https:\/\/crarn.org.br\/index.php?rest_route=%2Fwp%2Fv2%2Fcategories&post=63289"},{"taxonomy":"post_tag","embeddable":true,"href":"https:\/\/crarn.org.br\/index.php?rest_route=%2Fwp%2Fv2%2Ftags&post=63289"}],"curies":[{"name":"wp","href":"https:\/\/api.w.org\/{rel}","templated":true}]}}