{"id":63282,"date":"2021-02-05T15:12:34","date_gmt":"2021-02-05T18:12:34","guid":{"rendered":"https:\/\/crarn.org.br\/?p=63282"},"modified":"2021-02-05T15:12:37","modified_gmt":"2021-02-05T18:12:37","slug":"presidente-do-cra-rn-participa-de-reuniao-do-sistema-cfa-cras-em-brasilia","status":"publish","type":"post","link":"https:\/\/crarn.org.br\/?p=63282","title":{"rendered":"Presidente do CRA-RN participa de reuni\u00e3o do Sistema CFA\/CRAs, em Bras\u00edlia"},"content":{"rendered":"\n<p><img fetchpriority=\"high\" decoding=\"async\" class=\"size-medium wp-image-63284 alignleft\" src=\"https:\/\/crarn.org.br\/wp-content\/uploads\/2021\/02\/Grupo-300x200.jpg\" alt=\"\" width=\"300\" height=\"200\" srcset=\"https:\/\/crarn.org.br\/wp-content\/uploads\/2021\/02\/Grupo-300x200.jpg 300w, https:\/\/crarn.org.br\/wp-content\/uploads\/2021\/02\/Grupo-768x512.jpg 768w, https:\/\/crarn.org.br\/wp-content\/uploads\/2021\/02\/Grupo.jpg 938w\" sizes=\"(max-width: 300px) 100vw, 300px\" \/><\/p>\n<p>O presidente do CRA-RN, Fl\u00e1vio Em\u00edlio Cavalcanti, est\u00e1 em Bras\u00edlia, participando do 1\u00ba F\u00f3rum de Presidentes do Sistema CFA\/CRAs de 2021.<\/p>\n<p>Realizado na sede nacional do Servi\u00e7o Brasileiro de Apoio \u00e0s Micro e Pequenas Empresas (Sebrae), nesta quinta e sexta-feira, o encontro foi \u00a0aberto pelo anfitri\u00e3o do evento e presidente do CFA, Mauro Kreuz, que deu boas vindas ao grupo de l\u00edderes dos CRAs. \u00a0Na ocasi\u00e3o, est\u00e3o sendo discutidos v\u00e1rios assuntos de interesse do Sistema e dos profissionais de Administra\u00e7\u00e3o.<\/p>\n<p>O F\u00f3rum, foi aberto pelo anfitri\u00e3o do evento e presidente do CFA, Mauro Kreuz, que deu boas vindas ao grupo de l\u00edderes dos CRAs. <img decoding=\"async\" class=\" wp-image-63283 alignright\" src=\"https:\/\/crarn.org.br\/wp-content\/uploads\/2021\/02\/Flavio6-300x225.jpg\" alt=\"\" width=\"268\" height=\"201\" srcset=\"https:\/\/crarn.org.br\/wp-content\/uploads\/2021\/02\/Flavio6-300x225.jpg 300w, https:\/\/crarn.org.br\/wp-content\/uploads\/2021\/02\/Flavio6-1024x768.jpg 1024w, https:\/\/crarn.org.br\/wp-content\/uploads\/2021\/02\/Flavio6-768x576.jpg 768w, https:\/\/crarn.org.br\/wp-content\/uploads\/2021\/02\/Flavio6.jpg 1280w\" sizes=\"(max-width: 268px) 100vw, 268px\" \/><\/p>\n<p>Em seguida, os presidentes come\u00e7aram a discutir os temas da pauta do encontro. Cada regional teve oportunidade para falar de suas a\u00e7\u00f5es e apresentar sugest\u00f5es. As C\u00e2maras setoriais do CFA tamb\u00e9m falaram das atividades que desenvolvem atualmente..<\/p>\n<p>\u00a0<\/p>\n<p>*Com informa\u00e7\u00f5es da Assessoria de Comunica\u00e7\u00e3o CFA<\/p>\n<button class=\"simplefavorite-button\" data-postid=\"63282\" data-siteid=\"1\" data-groupid=\"1\" data-favoritecount=\"0\" style=\"\">Favorite <i class=\"sf-icon-star-empty\"><\/i><\/button>","protected":false},"excerpt":{"rendered":"<p>O presidente do CRA-RN, Fl\u00e1vio Em\u00edlio Cavalcanti, est\u00e1 em Bras\u00edlia, participando do 1\u00ba F\u00f3rum de Presidentes do Sistema CFA\/CRAs de 2021. Realizado na sede nacional do Servi\u00e7o Brasileiro de Apoio \u00e0s Micro e Pequenas Empresas (Sebrae), nesta quinta e sexta-feira, o encontro foi \u00a0aberto pelo anfitri\u00e3o do evento e presidente do CFA, Mauro Kreuz, que<a class=\"read-more\" href=\"https:\/\/crarn.org.br\/?p=63282\"> [&hellip;]<\/a><\/p>\n","protected":false},"author":26,"featured_media":63285,"comment_status":"closed","ping_status":"open","sticky":true,"template":"","format":"standard","meta":{"_price":"","_stock":"","_tribe_ticket_header":"","_tribe_default_ticket_provider":"","_tribe_ticket_capacity":"0","_ticket_start_date":"","_ticket_end_date":"","_tribe_ticket_show_description":"","_tribe_ticket_show_not_going":false,"_tribe_ticket_use_global_stock":"","_tribe_ticket_global_stock_level":"","_global_stock_mode":"","_global_stock_cap":"","_tribe_rsvp_for_event":"","_tribe_ticket_going_count":"","_tribe_ticket_not_going_count":"","_tribe_tickets_list":"[]","_tribe_ticket_has_attendee_info_fields":false,"footnotes":"","_links_to":"","_links_to_target":""},"categories":[547,310,320,399,309],"tags":[],"class_list":["post-63282","post","type-post","status-publish","format-standard","has-post-thumbnail","hentry","category-ano-2021","category-destaque-grande","category-home","category-institucional","category-ultimas-noticias","entry","has-media"],"_links":{"self":[{"href":"https:\/\/crarn.org.br\/index.php?rest_route=\/wp\/v2\/posts\/63282","targetHints":{"allow":["GET"]}}],"collection":[{"href":"https:\/\/crarn.org.br\/index.php?rest_route=\/wp\/v2\/posts"}],"about":[{"href":"https:\/\/crarn.org.br\/index.php?rest_route=\/wp\/v2\/types\/post"}],"author":[{"embeddable":true,"href":"https:\/\/crarn.org.br\/index.php?rest_route=\/wp\/v2\/users\/26"}],"replies":[{"embeddable":true,"href":"https:\/\/crarn.org.br\/index.php?rest_route=%2Fwp%2Fv2%2Fcomments&post=63282"}],"version-history":[{"count":2,"href":"https:\/\/crarn.org.br\/index.php?rest_route=\/wp\/v2\/posts\/63282\/revisions"}],"predecessor-version":[{"id":63287,"href":"https:\/\/crarn.org.br\/index.php?rest_route=\/wp\/v2\/posts\/63282\/revisions\/63287"}],"wp:featuredmedia":[{"embeddable":true,"href":"https:\/\/crarn.org.br\/index.php?rest_route=\/wp\/v2\/media\/63285"}],"wp:attachment":[{"href":"https:\/\/crarn.org.br\/index.php?rest_route=%2Fwp%2Fv2%2Fmedia&parent=63282"}],"wp:term":[{"taxonomy":"category","embeddable":true,"href":"https:\/\/crarn.org.br\/index.php?rest_route=%2Fwp%2Fv2%2Fcategories&post=63282"},{"taxonomy":"post_tag","embeddable":true,"href":"https:\/\/crarn.org.br\/index.php?rest_route=%2Fwp%2Fv2%2Ftags&post=63282"}],"curies":[{"name":"wp","href":"https:\/\/api.w.org\/{rel}","templated":true}]}}