{"id":63279,"date":"2021-02-03T16:19:17","date_gmt":"2021-02-03T19:19:17","guid":{"rendered":"https:\/\/crarn.org.br\/?p=63279"},"modified":"2021-02-03T16:19:20","modified_gmt":"2021-02-03T19:19:20","slug":"fiscalizacao-define-estrategias-de-combate-a-desobediencia-ao-poder-de-policia-do-cra-rn","status":"publish","type":"post","link":"https:\/\/crarn.org.br\/?p=63279","title":{"rendered":"Fiscaliza\u00e7\u00e3o define estrat\u00e9gias de combate \u00e0 desobedi\u00eancia ao poder de pol\u00edcia do CRA-RN"},"content":{"rendered":"\n<p>\u00a0<\/p>\n<p>A fiscaliza\u00e7\u00e3o de cargos privativos em empresas empregadoras p\u00fablicas e privadas \u00e9 um processo de rotina do CRA-RN, cuja an\u00e1lise inicial \u00e9 baseada nos descritivos de cargos que comp\u00f5em o quadro de pessoal.<\/p>\n<p>Ao receberem a solicita\u00e7\u00e3o, por parte do regional, algumas empresas embara\u00e7am o processo fiscalizat\u00f3rio, n\u00e3o atendendo ao que foi solicitado, ato que \u00e9 considerado desobedi\u00eancia ao poder de pol\u00edcia do CRA-RN.<\/p>\n<p>Em reuni\u00e3o realizada na \u00faltima semana, foram definidas as estrat\u00e9gias de combate e puni\u00e7\u00e3o \u00e0 resist\u00eancia das empresas fiscalizadas, em cumprir o que determina a lei.<\/p>\n<p>Participaram da reuni\u00e3o, o diretor de Fiscaliza\u00e7\u00e3o e Registro do CRA-RN, Di\u00eago Dantas; a coordenadora, Tatiana Costa Pinto; o assessor jur\u00eddico, Andr\u00e9 Medeiros e o administrador fiscal, F\u00e1bio Maia.<\/p>\n<button class=\"simplefavorite-button\" data-postid=\"63279\" data-siteid=\"1\" data-groupid=\"1\" data-favoritecount=\"0\" style=\"\">Favorite <i class=\"sf-icon-star-empty\"><\/i><\/button>","protected":false},"excerpt":{"rendered":"<p>\u00a0 A fiscaliza\u00e7\u00e3o de cargos privativos em empresas empregadoras p\u00fablicas e privadas \u00e9 um processo de rotina do CRA-RN, cuja an\u00e1lise inicial \u00e9 baseada nos descritivos de cargos que comp\u00f5em o quadro de pessoal. Ao receberem a solicita\u00e7\u00e3o, por parte do regional, algumas empresas embara\u00e7am o processo fiscalizat\u00f3rio, n\u00e3o atendendo ao que foi solicitado, ato<a class=\"read-more\" href=\"https:\/\/crarn.org.br\/?p=63279\"> [&hellip;]<\/a><\/p>\n","protected":false},"author":26,"featured_media":63280,"comment_status":"closed","ping_status":"open","sticky":true,"template":"","format":"standard","meta":{"_price":"","_stock":"","_tribe_ticket_header":"","_tribe_default_ticket_provider":"","_tribe_ticket_capacity":"0","_ticket_start_date":"","_ticket_end_date":"","_tribe_ticket_show_description":"","_tribe_ticket_show_not_going":false,"_tribe_ticket_use_global_stock":"","_tribe_ticket_global_stock_level":"","_global_stock_mode":"","_global_stock_cap":"","_tribe_rsvp_for_event":"","_tribe_ticket_going_count":"","_tribe_ticket_not_going_count":"","_tribe_tickets_list":"[]","_tribe_ticket_has_attendee_info_fields":false,"footnotes":"","_links_to":"","_links_to_target":""},"categories":[547,311,320,399,309],"tags":[566],"class_list":["post-63279","post","type-post","status-publish","format-standard","has-post-thumbnail","hentry","category-ano-2021","category-destaque-pequeno-superior","category-home","category-institucional","category-ultimas-noticias","tag-fiscalizacao","entry","has-media"],"_links":{"self":[{"href":"https:\/\/crarn.org.br\/index.php?rest_route=\/wp\/v2\/posts\/63279","targetHints":{"allow":["GET"]}}],"collection":[{"href":"https:\/\/crarn.org.br\/index.php?rest_route=\/wp\/v2\/posts"}],"about":[{"href":"https:\/\/crarn.org.br\/index.php?rest_route=\/wp\/v2\/types\/post"}],"author":[{"embeddable":true,"href":"https:\/\/crarn.org.br\/index.php?rest_route=\/wp\/v2\/users\/26"}],"replies":[{"embeddable":true,"href":"https:\/\/crarn.org.br\/index.php?rest_route=%2Fwp%2Fv2%2Fcomments&post=63279"}],"version-history":[{"count":1,"href":"https:\/\/crarn.org.br\/index.php?rest_route=\/wp\/v2\/posts\/63279\/revisions"}],"predecessor-version":[{"id":63281,"href":"https:\/\/crarn.org.br\/index.php?rest_route=\/wp\/v2\/posts\/63279\/revisions\/63281"}],"wp:featuredmedia":[{"embeddable":true,"href":"https:\/\/crarn.org.br\/index.php?rest_route=\/wp\/v2\/media\/63280"}],"wp:attachment":[{"href":"https:\/\/crarn.org.br\/index.php?rest_route=%2Fwp%2Fv2%2Fmedia&parent=63279"}],"wp:term":[{"taxonomy":"category","embeddable":true,"href":"https:\/\/crarn.org.br\/index.php?rest_route=%2Fwp%2Fv2%2Fcategories&post=63279"},{"taxonomy":"post_tag","embeddable":true,"href":"https:\/\/crarn.org.br\/index.php?rest_route=%2Fwp%2Fv2%2Ftags&post=63279"}],"curies":[{"name":"wp","href":"https:\/\/api.w.org\/{rel}","templated":true}]}}