{"id":63262,"date":"2021-01-22T16:42:02","date_gmt":"2021-01-22T19:42:02","guid":{"rendered":"https:\/\/crarn.org.br\/?p=63262"},"modified":"2021-01-22T16:42:05","modified_gmt":"2021-01-22T19:42:05","slug":"plenaria-do-cra-rn-aprova-plano-de-fiscalizacao-de-2021","status":"publish","type":"post","link":"https:\/\/crarn.org.br\/?p=63262","title":{"rendered":"Plen\u00e1ria do CRA-RN aprova Plano de Fiscaliza\u00e7\u00e3o de 2021"},"content":{"rendered":"\n<p>\u00a0<\/p>\n<p>A equipe da Diretoria de Fiscaliza\u00e7\u00e3o e Registro do CRA-RN, reuniu-se no in\u00edcio da semana com o objetivo de consolidar a elabora\u00e7\u00e3o do Plano de Fiscaliza\u00e7\u00e3o de 2021. O trabalho cumpre Resolu\u00e7\u00e3o Normativa que determina a sua apresenta\u00e7\u00e3o \u00e0 plen\u00e1ria, anualmente, no m\u00eas de janeiro.<\/p>\n<p>O plano foi apresentado e aprovado pelos conselheiros do CRA-RN, na primeira plen\u00e1ria, realizada no dia 21 de janeiro. Elaborado pela equipe formada pelo diretor de Fiscaliza\u00e7\u00e3o e Registro, Di\u00eago Dantas, coordenadora, Tatiana Costa Pinto, administrador fiscal, F\u00e1bio Maia e pelo assessor jur\u00eddico, Andr\u00e9 Medeiros, o documento envolve os projetos estrat\u00e9gicos que ser\u00e3o desenvolvidos no decorrer do exerc\u00edcio, acrescido do trabalho de rotina que j\u00e1 vem sendo executado pela equipe da \u00e1rea.<\/p>\n<p>A metodologia empregada na elabora\u00e7\u00e3o analisou as for\u00e7as, fraquezas, oportunidades e amea\u00e7as da \u00e1rea, cujos resultados formaram a base dos cinco projetos que integraram o plano de 2021: Ciclo de Responsabilidade T\u00e9cnica; Integrar para Crescer; CRA no Interior; De Olho na Fiscaliza\u00e7\u00e3o e Capacita\u00e7\u00e3o de Agentes de Fiscaliza\u00e7\u00e3o e Registro.<\/p>\n<p>Cada um destes projetos tem sua finalidade espec\u00edfica e alguns, d\u00e3o continuidade ao que j\u00e1 vinha sendo feito em gest\u00f5es anteriores, tendo passado por adapta\u00e7\u00f5es, de forma a facilitar a execu\u00e7\u00e3o do que foi planejado.<\/p>\n<p>\u00a0<\/p>\n<p>\u00a0<\/p>\n<p>\u00a0<\/p>\n<button class=\"simplefavorite-button\" data-postid=\"63262\" data-siteid=\"1\" data-groupid=\"1\" data-favoritecount=\"0\" style=\"\">Favorite <i class=\"sf-icon-star-empty\"><\/i><\/button>","protected":false},"excerpt":{"rendered":"<p>\u00a0 A equipe da Diretoria de Fiscaliza\u00e7\u00e3o e Registro do CRA-RN, reuniu-se no in\u00edcio da semana com o objetivo de consolidar a elabora\u00e7\u00e3o do Plano de Fiscaliza\u00e7\u00e3o de 2021. O trabalho cumpre Resolu\u00e7\u00e3o Normativa que determina a sua apresenta\u00e7\u00e3o \u00e0 plen\u00e1ria, anualmente, no m\u00eas de janeiro. O plano foi apresentado e aprovado pelos conselheiros do<a class=\"read-more\" href=\"https:\/\/crarn.org.br\/?p=63262\"> [&hellip;]<\/a><\/p>\n","protected":false},"author":26,"featured_media":63263,"comment_status":"closed","ping_status":"open","sticky":true,"template":"","format":"standard","meta":{"_price":"","_stock":"","_tribe_ticket_header":"","_tribe_default_ticket_provider":"","_tribe_ticket_capacity":"0","_ticket_start_date":"","_ticket_end_date":"","_tribe_ticket_show_description":"","_tribe_ticket_show_not_going":false,"_tribe_ticket_use_global_stock":"","_tribe_ticket_global_stock_level":"","_global_stock_mode":"","_global_stock_cap":"","_tribe_rsvp_for_event":"","_tribe_ticket_going_count":"","_tribe_ticket_not_going_count":"","_tribe_tickets_list":"[]","_tribe_ticket_has_attendee_info_fields":false,"footnotes":"","_links_to":"","_links_to_target":""},"categories":[547,311,320,309],"tags":[],"class_list":["post-63262","post","type-post","status-publish","format-standard","has-post-thumbnail","hentry","category-ano-2021","category-destaque-pequeno-superior","category-home","category-ultimas-noticias","entry","has-media"],"_links":{"self":[{"href":"https:\/\/crarn.org.br\/index.php?rest_route=\/wp\/v2\/posts\/63262","targetHints":{"allow":["GET"]}}],"collection":[{"href":"https:\/\/crarn.org.br\/index.php?rest_route=\/wp\/v2\/posts"}],"about":[{"href":"https:\/\/crarn.org.br\/index.php?rest_route=\/wp\/v2\/types\/post"}],"author":[{"embeddable":true,"href":"https:\/\/crarn.org.br\/index.php?rest_route=\/wp\/v2\/users\/26"}],"replies":[{"embeddable":true,"href":"https:\/\/crarn.org.br\/index.php?rest_route=%2Fwp%2Fv2%2Fcomments&post=63262"}],"version-history":[{"count":1,"href":"https:\/\/crarn.org.br\/index.php?rest_route=\/wp\/v2\/posts\/63262\/revisions"}],"predecessor-version":[{"id":63264,"href":"https:\/\/crarn.org.br\/index.php?rest_route=\/wp\/v2\/posts\/63262\/revisions\/63264"}],"wp:featuredmedia":[{"embeddable":true,"href":"https:\/\/crarn.org.br\/index.php?rest_route=\/wp\/v2\/media\/63263"}],"wp:attachment":[{"href":"https:\/\/crarn.org.br\/index.php?rest_route=%2Fwp%2Fv2%2Fmedia&parent=63262"}],"wp:term":[{"taxonomy":"category","embeddable":true,"href":"https:\/\/crarn.org.br\/index.php?rest_route=%2Fwp%2Fv2%2Fcategories&post=63262"},{"taxonomy":"post_tag","embeddable":true,"href":"https:\/\/crarn.org.br\/index.php?rest_route=%2Fwp%2Fv2%2Ftags&post=63262"}],"curies":[{"name":"wp","href":"https:\/\/api.w.org\/{rel}","templated":true}]}}