{"id":63259,"date":"2021-01-21T14:37:57","date_gmt":"2021-01-21T17:37:57","guid":{"rendered":"https:\/\/crarn.org.br\/?p=63259"},"modified":"2021-01-21T14:38:00","modified_gmt":"2021-01-21T17:38:00","slug":"cra-rn-realiza-primeira-plenaria-de-2021","status":"publish","type":"post","link":"https:\/\/crarn.org.br\/?p=63259","title":{"rendered":"CRA-RN realiza primeira plen\u00e1ria de 2021"},"content":{"rendered":"\n<p>\u00a0<\/p>\n<p>Na manh\u00e3 desta quinta-feira (21\/01), os novos e antigos conselheiros participaram da primeira reuni\u00e3o do plen\u00e1rio do Conselho Regional de Administra\u00e7\u00e3o do RN, do ano de 2021.<\/p>\n<p>O encontro aconteceu de forma h\u00edbrida, com alguns participando presencialmente e outros online. Tendo \u00e0 frente, o novo presidente, Flavio Em\u00edlio Cavalcanti, a pauta incluiu, entre outros assuntos, as discuss\u00f5es sobre o Regimento interno e Planejamento Estrat\u00e9gico; renova\u00e7\u00e3o do Sistema Implanta de Gest\u00e3o de Processos Administrativos; gest\u00e3o da Seccional de Mossor\u00f3; Composi\u00e7\u00e3o de Comiss\u00f5es; Calend\u00e1rio de atividades para 2021, etc<\/p>\n<p>Na parte Administrativa e Financeira, a cargo da diretora Kate Maciel, foi apresentada a posi\u00e7\u00e3o financeira no m\u00eas de janeiro; os balancetes de Dezembro\/ 20 e a presta\u00e7\u00e3o de contas de 2020.<\/p>\n<p>No \u00e2mbito da Fiscaliza\u00e7\u00e3o, o diretor Di\u00eago Dantas apresentou o Plano Anual de Fiscaliza\u00e7\u00e3o e, Isabella Mendon\u00e7a, diretora de Forma\u00e7\u00e3o Profissional, destacou o Plano Anual de Atividades de Forma\u00e7\u00e3o e Capacita\u00e7\u00e3o.<\/p>\n<p>Al\u00e9m da Diretoria, do vice-presidente, Rodrigo Fortunato e do conselheiros efetivos, Nivaldo Pessoa Filho e C\u00e9lia Ribeiro, participaram \u00a0online, Zen\u00f3bio Pereira, Pablo Phorlan \u00a0e os suplentes, Alice Dantas, Francigley Amorim, Daniel Fonseca e Cl\u00e1udio Menezes.<\/p>\n<p>\u00a0<\/p>\n<p>\u00a0<\/p>\n<p>\u00a0<\/p>\n<button class=\"simplefavorite-button\" data-postid=\"63259\" data-siteid=\"1\" data-groupid=\"1\" data-favoritecount=\"0\" style=\"\">Favorite <i class=\"sf-icon-star-empty\"><\/i><\/button>","protected":false},"excerpt":{"rendered":"<p>\u00a0 Na manh\u00e3 desta quinta-feira (21\/01), os novos e antigos conselheiros participaram da primeira reuni\u00e3o do plen\u00e1rio do Conselho Regional de Administra\u00e7\u00e3o do RN, do ano de 2021. O encontro aconteceu de forma h\u00edbrida, com alguns participando presencialmente e outros online. Tendo \u00e0 frente, o novo presidente, Flavio Em\u00edlio Cavalcanti, a pauta incluiu, entre outros<a class=\"read-more\" href=\"https:\/\/crarn.org.br\/?p=63259\"> [&hellip;]<\/a><\/p>\n","protected":false},"author":26,"featured_media":63260,"comment_status":"closed","ping_status":"open","sticky":true,"template":"","format":"standard","meta":{"_price":"","_stock":"","_tribe_ticket_header":"","_tribe_default_ticket_provider":"","_tribe_ticket_capacity":"0","_ticket_start_date":"","_ticket_end_date":"","_tribe_ticket_show_description":"","_tribe_ticket_show_not_going":false,"_tribe_ticket_use_global_stock":"","_tribe_ticket_global_stock_level":"","_global_stock_mode":"","_global_stock_cap":"","_tribe_rsvp_for_event":"","_tribe_ticket_going_count":"","_tribe_ticket_not_going_count":"","_tribe_tickets_list":"[]","_tribe_ticket_has_attendee_info_fields":false,"footnotes":"","_links_to":"","_links_to_target":""},"categories":[547,311,320,309],"tags":[],"class_list":["post-63259","post","type-post","status-publish","format-standard","has-post-thumbnail","hentry","category-ano-2021","category-destaque-pequeno-superior","category-home","category-ultimas-noticias","entry","has-media"],"_links":{"self":[{"href":"https:\/\/crarn.org.br\/index.php?rest_route=\/wp\/v2\/posts\/63259","targetHints":{"allow":["GET"]}}],"collection":[{"href":"https:\/\/crarn.org.br\/index.php?rest_route=\/wp\/v2\/posts"}],"about":[{"href":"https:\/\/crarn.org.br\/index.php?rest_route=\/wp\/v2\/types\/post"}],"author":[{"embeddable":true,"href":"https:\/\/crarn.org.br\/index.php?rest_route=\/wp\/v2\/users\/26"}],"replies":[{"embeddable":true,"href":"https:\/\/crarn.org.br\/index.php?rest_route=%2Fwp%2Fv2%2Fcomments&post=63259"}],"version-history":[{"count":1,"href":"https:\/\/crarn.org.br\/index.php?rest_route=\/wp\/v2\/posts\/63259\/revisions"}],"predecessor-version":[{"id":63261,"href":"https:\/\/crarn.org.br\/index.php?rest_route=\/wp\/v2\/posts\/63259\/revisions\/63261"}],"wp:featuredmedia":[{"embeddable":true,"href":"https:\/\/crarn.org.br\/index.php?rest_route=\/wp\/v2\/media\/63260"}],"wp:attachment":[{"href":"https:\/\/crarn.org.br\/index.php?rest_route=%2Fwp%2Fv2%2Fmedia&parent=63259"}],"wp:term":[{"taxonomy":"category","embeddable":true,"href":"https:\/\/crarn.org.br\/index.php?rest_route=%2Fwp%2Fv2%2Fcategories&post=63259"},{"taxonomy":"post_tag","embeddable":true,"href":"https:\/\/crarn.org.br\/index.php?rest_route=%2Fwp%2Fv2%2Ftags&post=63259"}],"curies":[{"name":"wp","href":"https:\/\/api.w.org\/{rel}","templated":true}]}}