{"id":63256,"date":"2021-01-21T14:34:27","date_gmt":"2021-01-21T17:34:27","guid":{"rendered":"https:\/\/crarn.org.br\/?p=63256"},"modified":"2021-01-21T14:34:33","modified_gmt":"2021-01-21T17:34:33","slug":"cra-rn-inicia-planejamento-estrategico-para-2021","status":"publish","type":"post","link":"https:\/\/crarn.org.br\/?p=63256","title":{"rendered":"CRA-RN inicia Planejamento Estrat\u00e9gico para 2021"},"content":{"rendered":"\n<p>O Planejamento Estrat\u00e9gico para 2021 do Conselho Regional de Administra\u00e7\u00e3o do RN teve in\u00edcio nesta quarta-feira (20\/01) com a realiza\u00e7\u00e3o da primeira oficina.<\/p>\n\n\n\n<p>Entre os objetivos do Planejamento Estrat\u00e9gico est\u00e3o conhecer\/rever a diretriz estrat\u00e9gica vigente no CRA-RN, assim como os objetivos e estrat\u00e9gias propostos pelo CFA; propor objetivos contextualizados \u00e0 realidade e \u00e0s perspectivas do regional e, depois de conclu\u00eddo, encaminhar ao Plen\u00e1rio para aprecia\u00e7\u00e3o.<\/p>\n\n\n\n<p>Participaram da primeira oficina, o presidente do CRA-RN, Fl\u00e1vio Em\u00edlio Cavalcanti, a diretora Administrativa Financeira, Kate Maciel; o diretor de Fiscaliza\u00e7\u00e3o e Registro, Di\u00eago Dantas; o Conselheiro Federal, J\u00falio Rezende e as conselheiras suplentes, Maria das Neves Maia e Adrina de Souza.<\/p>\n\n\n<button class=\"simplefavorite-button\" data-postid=\"63256\" data-siteid=\"1\" data-groupid=\"1\" data-favoritecount=\"0\" style=\"\">Favorite <i class=\"sf-icon-star-empty\"><\/i><\/button>","protected":false},"excerpt":{"rendered":"<p>O Planejamento Estrat\u00e9gico para 2021 do Conselho Regional de Administra\u00e7\u00e3o do RN teve in\u00edcio nesta quarta-feira (20\/01) com a realiza\u00e7\u00e3o da primeira oficina. Entre os objetivos do Planejamento Estrat\u00e9gico est\u00e3o conhecer\/rever a diretriz estrat\u00e9gica vigente no CRA-RN, assim como os objetivos e estrat\u00e9gias propostos pelo CFA; propor objetivos contextualizados \u00e0 realidade e \u00e0s perspectivas do<a class=\"read-more\" href=\"https:\/\/crarn.org.br\/?p=63256\"> [&hellip;]<\/a><\/p>\n","protected":false},"author":26,"featured_media":63257,"comment_status":"closed","ping_status":"open","sticky":true,"template":"","format":"standard","meta":{"_price":"","_stock":"","_tribe_ticket_header":"","_tribe_default_ticket_provider":"","_tribe_ticket_capacity":"0","_ticket_start_date":"","_ticket_end_date":"","_tribe_ticket_show_description":"","_tribe_ticket_show_not_going":false,"_tribe_ticket_use_global_stock":"","_tribe_ticket_global_stock_level":"","_global_stock_mode":"","_global_stock_cap":"","_tribe_rsvp_for_event":"","_tribe_ticket_going_count":"","_tribe_ticket_not_going_count":"","_tribe_tickets_list":"[]","_tribe_ticket_has_attendee_info_fields":false,"footnotes":"","_links_to":"","_links_to_target":""},"categories":[547,312,320,399,309],"tags":[],"class_list":["post-63256","post","type-post","status-publish","format-standard","has-post-thumbnail","hentry","category-ano-2021","category-destaque-pequeno-inferior","category-home","category-institucional","category-ultimas-noticias","entry","has-media"],"_links":{"self":[{"href":"https:\/\/crarn.org.br\/index.php?rest_route=\/wp\/v2\/posts\/63256","targetHints":{"allow":["GET"]}}],"collection":[{"href":"https:\/\/crarn.org.br\/index.php?rest_route=\/wp\/v2\/posts"}],"about":[{"href":"https:\/\/crarn.org.br\/index.php?rest_route=\/wp\/v2\/types\/post"}],"author":[{"embeddable":true,"href":"https:\/\/crarn.org.br\/index.php?rest_route=\/wp\/v2\/users\/26"}],"replies":[{"embeddable":true,"href":"https:\/\/crarn.org.br\/index.php?rest_route=%2Fwp%2Fv2%2Fcomments&post=63256"}],"version-history":[{"count":1,"href":"https:\/\/crarn.org.br\/index.php?rest_route=\/wp\/v2\/posts\/63256\/revisions"}],"predecessor-version":[{"id":63258,"href":"https:\/\/crarn.org.br\/index.php?rest_route=\/wp\/v2\/posts\/63256\/revisions\/63258"}],"wp:featuredmedia":[{"embeddable":true,"href":"https:\/\/crarn.org.br\/index.php?rest_route=\/wp\/v2\/media\/63257"}],"wp:attachment":[{"href":"https:\/\/crarn.org.br\/index.php?rest_route=%2Fwp%2Fv2%2Fmedia&parent=63256"}],"wp:term":[{"taxonomy":"category","embeddable":true,"href":"https:\/\/crarn.org.br\/index.php?rest_route=%2Fwp%2Fv2%2Fcategories&post=63256"},{"taxonomy":"post_tag","embeddable":true,"href":"https:\/\/crarn.org.br\/index.php?rest_route=%2Fwp%2Fv2%2Ftags&post=63256"}],"curies":[{"name":"wp","href":"https:\/\/api.w.org\/{rel}","templated":true}]}}