{"id":63235,"date":"2021-01-12T13:02:59","date_gmt":"2021-01-12T16:02:59","guid":{"rendered":"https:\/\/crarn.org.br\/?p=63235"},"modified":"2021-01-12T13:03:01","modified_gmt":"2021-01-12T16:03:01","slug":"trabalhos-inscritos-trataram-da-gestao-em-tempos-de-crise","status":"publish","type":"post","link":"https:\/\/crarn.org.br\/?p=63235","title":{"rendered":"Trabalhos inscritos trataram da Gest\u00e3o em Tempos de Crise"},"content":{"rendered":"\n<p>\u00a0<\/p>\n<p>O Conselho Federal de Administra\u00e7\u00e3o (CFA) realizou, no dia 22 de dezembro, o julgamento do Pr\u00eamio Belmiro Siqueira de Administra\u00e7\u00e3o 2020. A edi\u00e7\u00e3o do ano passado foi direcionada exclusivamente para premiar artigos acad\u00eamicos de estudantes. Participaram da premia\u00e7\u00e3o alunos matriculados nos cursos de bacharelado em Administra\u00e7\u00e3o, nos cursos superiores de tecnologia ou em mestrado ou doutorado na \u00e1rea da Administra\u00e7\u00e3o, al\u00e9m de discentes de educa\u00e7\u00e3o profissional t\u00e9cnica de n\u00edvel m\u00e9dio.<\/p>\n<p>A reuni\u00e3o do Comit\u00ea de Julgamento do Pr\u00eamio, realizada por videoconfer\u00eancia, contou com a avalia\u00e7\u00e3o do vice-presidente do CFA, Rog\u00e9rio Ramos; da diretora e do vice-diretor de Forma\u00e7\u00e3o Profissional do CFA, Cl\u00e1udia de Salles Stadtlober e Mauro dos Santos Le\u00f4nidas, respectivamente; e dos professores Istvan Karoly Kasznar e Edson Sadao Iisuka.<\/p>\n<p>Claudia explica que a edi\u00e7\u00e3o de 2020 foi at\u00edpica devido \u00e0s circunst\u00e2ncias impostas pela Covid-19. O prazo para a divulga\u00e7\u00e3o do Pr\u00eamio, por exemplo, foi reduzido e os alunos e professores tiveram poucos meses para produzir os artigos. Os trabalhos inscritos tiveram que atender ao tema \u201cGest\u00e3o em Tempos de Crise\u201d. A tem\u00e1tica foi proposta a fim de estimular o pensamento cr\u00edtico em \u00e9poca de pandemia. \u201cTivemos bons artigos e a gente ficou surpreso pela rapidez da escrita desses colegas. A nossa avalia\u00e7\u00e3o final foi bastante positiva. Claro que teve uma coisa ou outra para ajustar, mas entendemos que produzir uma pesquisa em t\u00e3o em pouco tempo fazia muita diferen\u00e7a\u201d, disse.<\/p>\n<p>Os CRAs receberam muitas inscri\u00e7\u00f5es. Coube aos regionais selecionar e indicar os melhores para avalia\u00e7\u00e3o final do CFA. A diretora da autarquia conta que participar do Pr\u00eamio Belmiro Siqueira de Administra\u00e7\u00e3o faz muita diferen\u00e7a na vida acad\u00eamica dos estudantes. \u201cEssa iniciativa do CFA estimula esses alunos, jovens pesquisadores, a seguirem na busca do desenvolvimento do conhecimento da ci\u00eancia da Administra\u00e7\u00e3o. Ao premiar esses trabalhos, a gente fortalece esse esp\u00edrito nos discentes\u201d, afirmou a conselheira.<\/p>\n<p>Confira, a seguir, os vencedores do Pr\u00eamio Belmiro Siqueira 2020.<\/p>\n<p>Ordem \u00a0\u00a0\u00a0\u00a0\u00a0\u00a0\u00a0\u00a0\u00a0 Candidato \u00a0\u00a0\u00a0\u00a0\u00a0\u00a0\u00a0\u00a0\u00a0\u00a0\u00a0\u00a0\u00a0\u00a0\u00a0\u00a0\u00a0\u00a0\u00a0\u00a0\u00a0\u00a0\u00a0\u00a0\u00a0\u00a0 CRA \u00a0\u00a0\u00a0\u00a0\u00a0 Institui\u00e7\u00e3o de Ensino<\/p>\n<p>1\u00ba \u00a0\u00a0\u00a0\u00a0\u00a0\u00a0 Lucicl\u00e9ia da Silva Serdeira \u00a0\u00a0\u00a0\u00a0\u00a0\u00a0\u00a0\u00a0\u00a0\u00a0 RR \u00a0\u00a0\u00a0\u00a0 Universidade Estadual de Roraima<\/p>\n<p>2\u00ba \u00a0\u00a0\u00a0\u00a0\u00a0\u00a0 Fl\u00e1via Aparecida Moreira \u00a0\u00a0\u00a0\u00a0\u00a0\u00a0\u00a0\u00a0\u00a0\u00a0\u00a0\u00a0\u00a0 MG \u00a0\u00a0\u00a0 Universidade Federal de Vi\u00e7osa<\/p>\n<p>3\u00ba \u00a0\u00a0\u00a0\u00a0\u00a0\u00a0 Jakeline Mello de Lima \u00a0\u00a0\u00a0 \u00a0 \u00a0 \u00a0 \u00a0 \u00a0 \u00a0 \u00a0\u00a0 PR \u00a0\u00a0\u00a0\u00a0 Universidade Positivo<\/p>\n<p>\u00a0<\/p>\n<p>Assessoria de Comunica\u00e7\u00e3o &#8211; CFA<\/p>\n<p>\u00a0<\/p>\n<p>\u00a0<\/p>\n<p>\u00a0<\/p>\n<p>\u00a0<\/p>\n<button class=\"simplefavorite-button\" data-postid=\"63235\" data-siteid=\"1\" data-groupid=\"1\" data-favoritecount=\"0\" style=\"\">Favorite <i class=\"sf-icon-star-empty\"><\/i><\/button>","protected":false},"excerpt":{"rendered":"<p>\u00a0 O Conselho Federal de Administra\u00e7\u00e3o (CFA) realizou, no dia 22 de dezembro, o julgamento do Pr\u00eamio Belmiro Siqueira de Administra\u00e7\u00e3o 2020. A edi\u00e7\u00e3o do ano passado foi direcionada exclusivamente para premiar artigos acad\u00eamicos de estudantes. Participaram da premia\u00e7\u00e3o alunos matriculados nos cursos de bacharelado em Administra\u00e7\u00e3o, nos cursos superiores de tecnologia ou em mestrado<a class=\"read-more\" href=\"https:\/\/crarn.org.br\/?p=63235\"> [&hellip;]<\/a><\/p>\n","protected":false},"author":26,"featured_media":63236,"comment_status":"closed","ping_status":"open","sticky":true,"template":"","format":"standard","meta":{"_price":"","_stock":"","_tribe_ticket_header":"","_tribe_default_ticket_provider":"","_tribe_ticket_capacity":"0","_ticket_start_date":"","_ticket_end_date":"","_tribe_ticket_show_description":"","_tribe_ticket_show_not_going":false,"_tribe_ticket_use_global_stock":"","_tribe_ticket_global_stock_level":"","_global_stock_mode":"","_global_stock_cap":"","_tribe_rsvp_for_event":"","_tribe_ticket_going_count":"","_tribe_ticket_not_going_count":"","_tribe_tickets_list":"[]","_tribe_ticket_has_attendee_info_fields":false,"footnotes":"","_links_to":"","_links_to_target":""},"categories":[547,426,312,320,399,309],"tags":[],"class_list":["post-63235","post","type-post","status-publish","format-standard","has-post-thumbnail","hentry","category-ano-2021","category-cfa","category-destaque-pequeno-inferior","category-home","category-institucional","category-ultimas-noticias","entry","has-media"],"_links":{"self":[{"href":"https:\/\/crarn.org.br\/index.php?rest_route=\/wp\/v2\/posts\/63235","targetHints":{"allow":["GET"]}}],"collection":[{"href":"https:\/\/crarn.org.br\/index.php?rest_route=\/wp\/v2\/posts"}],"about":[{"href":"https:\/\/crarn.org.br\/index.php?rest_route=\/wp\/v2\/types\/post"}],"author":[{"embeddable":true,"href":"https:\/\/crarn.org.br\/index.php?rest_route=\/wp\/v2\/users\/26"}],"replies":[{"embeddable":true,"href":"https:\/\/crarn.org.br\/index.php?rest_route=%2Fwp%2Fv2%2Fcomments&post=63235"}],"version-history":[{"count":1,"href":"https:\/\/crarn.org.br\/index.php?rest_route=\/wp\/v2\/posts\/63235\/revisions"}],"predecessor-version":[{"id":63237,"href":"https:\/\/crarn.org.br\/index.php?rest_route=\/wp\/v2\/posts\/63235\/revisions\/63237"}],"wp:featuredmedia":[{"embeddable":true,"href":"https:\/\/crarn.org.br\/index.php?rest_route=\/wp\/v2\/media\/63236"}],"wp:attachment":[{"href":"https:\/\/crarn.org.br\/index.php?rest_route=%2Fwp%2Fv2%2Fmedia&parent=63235"}],"wp:term":[{"taxonomy":"category","embeddable":true,"href":"https:\/\/crarn.org.br\/index.php?rest_route=%2Fwp%2Fv2%2Fcategories&post=63235"},{"taxonomy":"post_tag","embeddable":true,"href":"https:\/\/crarn.org.br\/index.php?rest_route=%2Fwp%2Fv2%2Ftags&post=63235"}],"curies":[{"name":"wp","href":"https:\/\/api.w.org\/{rel}","templated":true}]}}