{"id":63212,"date":"2021-01-05T16:21:53","date_gmt":"2021-01-05T19:21:53","guid":{"rendered":"https:\/\/crarn.org.br\/?p=63212"},"modified":"2021-01-05T16:21:56","modified_gmt":"2021-01-05T19:21:56","slug":"simbolo-da-profissao-de-administrador-volta-a-ser-azul-safira","status":"publish","type":"post","link":"https:\/\/crarn.org.br\/?p=63212","title":{"rendered":"S\u00edmbolo da profiss\u00e3o de Administrador volta a ser azul safira"},"content":{"rendered":"\n<p>\u00a0<\/p>\n<p>O Conselho Federal de Administra\u00e7\u00e3o (CFA) publicou, em 23 dezembro de 2020, a Resolu\u00e7\u00e3o Normativa (RN) CFA n.\u00ba 594, que \u201caprova o Manual de Identidade Visual da Profiss\u00e3o de Administrador, disciplina a utiliza\u00e7\u00e3o do s\u00edmbolo da profiss\u00e3o de Administrador, e d\u00e1 outras provid\u00eancias.\u201d Uma das novidades da RN \u00e9 a cor do s\u00edmbolo da profiss\u00e3o de Administrador, que volta a ser azul safira.<\/p>\n<p>A proposta de altera\u00e7\u00e3o foi feita pela C\u00e2mara de Comunica\u00e7\u00e3o e Marketing (CCM) ap\u00f3s um detalhado estudo para mudan\u00e7a na tonalidade do s\u00edmbolo. Na ocasi\u00e3o, a equipe sugeriu o retorno do azul safira, alterando, desta forma, a RN n.\u00ba 520, de 21 de agosto de 2017, que definia o azul ciano como a cor do emblema da profiss\u00e3o.<\/p>\n<p>\u201cLevamos o assunto para discuss\u00e3o na 9\u00aa Reuni\u00e3o da Diretoria Executiva, que realizamos em 18 de novembro, e a mudan\u00e7a foi aprovada por unanimidade. A decis\u00e3o tamb\u00e9m foi ratificada no 2\u00ba F\u00f3rum de Presidentes do Sistema CFA\/CRAs e na Reuni\u00e3o Plen\u00e1ria realizada no m\u00eas de dezembro\u201d, explicou o diretor da CCM, Diego da Costa.<\/p>\n<p>Com a aprova\u00e7\u00e3o, a RN n.\u00ba 550 foi revogada, dando lugar ao novo Manual de Identidade Visual da Profiss\u00e3o de Administrador, definido pela RN n.\u00ba 594. \u201c\u00c9 importante lembrar que os CRAs devem seguir as orienta\u00e7\u00f5es de constru\u00e7\u00e3o e composi\u00e7\u00e3o do s\u00edmbolo detalhadas neste manual e que o seu uso \u00e9 obrigat\u00f3rio pelo Sistema CFA\/CRAs\u201d, disse Diego.<\/p>\n<p>\u00a0<\/p>\n<p>Ana Graciele Gon\u00e7alves<\/p>\n<p>Assessoria de Comunica\u00e7\u00e3o CFA<\/p>\n<button class=\"simplefavorite-button\" data-postid=\"63212\" data-siteid=\"1\" data-groupid=\"1\" data-favoritecount=\"0\" style=\"\">Favorite <i class=\"sf-icon-star-empty\"><\/i><\/button>","protected":false},"excerpt":{"rendered":"<p>\u00a0 O Conselho Federal de Administra\u00e7\u00e3o (CFA) publicou, em 23 dezembro de 2020, a Resolu\u00e7\u00e3o Normativa (RN) CFA n.\u00ba 594, que \u201caprova o Manual de Identidade Visual da Profiss\u00e3o de Administrador, disciplina a utiliza\u00e7\u00e3o do s\u00edmbolo da profiss\u00e3o de Administrador, e d\u00e1 outras provid\u00eancias.\u201d Uma das novidades da RN \u00e9 a cor do s\u00edmbolo da<a class=\"read-more\" href=\"https:\/\/crarn.org.br\/?p=63212\"> [&hellip;]<\/a><\/p>\n","protected":false},"author":26,"featured_media":63213,"comment_status":"closed","ping_status":"open","sticky":true,"template":"","format":"standard","meta":{"_price":"","_stock":"","_tribe_ticket_header":"","_tribe_default_ticket_provider":"","_tribe_ticket_capacity":"0","_ticket_start_date":"","_ticket_end_date":"","_tribe_ticket_show_description":"","_tribe_ticket_show_not_going":false,"_tribe_ticket_use_global_stock":"","_tribe_ticket_global_stock_level":"","_global_stock_mode":"","_global_stock_cap":"","_tribe_rsvp_for_event":"","_tribe_ticket_going_count":"","_tribe_ticket_not_going_count":"","_tribe_tickets_list":"[]","_tribe_ticket_has_attendee_info_fields":false,"footnotes":"","_links_to":"","_links_to_target":""},"categories":[547,426,312,399,309],"tags":[],"class_list":["post-63212","post","type-post","status-publish","format-standard","has-post-thumbnail","hentry","category-ano-2021","category-cfa","category-destaque-pequeno-inferior","category-institucional","category-ultimas-noticias","entry","has-media"],"_links":{"self":[{"href":"https:\/\/crarn.org.br\/index.php?rest_route=\/wp\/v2\/posts\/63212","targetHints":{"allow":["GET"]}}],"collection":[{"href":"https:\/\/crarn.org.br\/index.php?rest_route=\/wp\/v2\/posts"}],"about":[{"href":"https:\/\/crarn.org.br\/index.php?rest_route=\/wp\/v2\/types\/post"}],"author":[{"embeddable":true,"href":"https:\/\/crarn.org.br\/index.php?rest_route=\/wp\/v2\/users\/26"}],"replies":[{"embeddable":true,"href":"https:\/\/crarn.org.br\/index.php?rest_route=%2Fwp%2Fv2%2Fcomments&post=63212"}],"version-history":[{"count":1,"href":"https:\/\/crarn.org.br\/index.php?rest_route=\/wp\/v2\/posts\/63212\/revisions"}],"predecessor-version":[{"id":63214,"href":"https:\/\/crarn.org.br\/index.php?rest_route=\/wp\/v2\/posts\/63212\/revisions\/63214"}],"wp:featuredmedia":[{"embeddable":true,"href":"https:\/\/crarn.org.br\/index.php?rest_route=\/wp\/v2\/media\/63213"}],"wp:attachment":[{"href":"https:\/\/crarn.org.br\/index.php?rest_route=%2Fwp%2Fv2%2Fmedia&parent=63212"}],"wp:term":[{"taxonomy":"category","embeddable":true,"href":"https:\/\/crarn.org.br\/index.php?rest_route=%2Fwp%2Fv2%2Fcategories&post=63212"},{"taxonomy":"post_tag","embeddable":true,"href":"https:\/\/crarn.org.br\/index.php?rest_route=%2Fwp%2Fv2%2Ftags&post=63212"}],"curies":[{"name":"wp","href":"https:\/\/api.w.org\/{rel}","templated":true}]}}