{"id":63157,"date":"2020-12-21T16:44:31","date_gmt":"2020-12-21T19:44:31","guid":{"rendered":"https:\/\/crarn.org.br\/?p=63157"},"modified":"2020-12-21T16:44:33","modified_gmt":"2020-12-21T19:44:33","slug":"cra-rn-firma-acordo-de-cooperacao-com-sipcern","status":"publish","type":"post","link":"https:\/\/crarn.org.br\/?p=63157","title":{"rendered":"CRA-RN firma acordo de coopera\u00e7\u00e3o com SIPCERN"},"content":{"rendered":"\n<p>\u00a0<\/p>\n<p>O Conselho Regional de Administra\u00e7\u00e3o do RN, assinou, nesta sexta-feira (18\/12), um Acordo de Coopera\u00e7\u00e3o com o Sindicato dos Condom\u00ednios, Administradores e Shoppings Centers do RN- SIPCERN.<\/p>\n<p>O acordo, assinado pela presidente do CRA-RN, Kate Maciel e pelo presidente do SIPCERN, Luiz Val\u00e9rio Dutra Filho, prev\u00ea o estabelecimento de a\u00e7\u00f5es rec\u00edprocas de orienta\u00e7\u00e3o, sensibiliza\u00e7\u00e3o e qualifica\u00e7\u00e3o relacionadas \u00e0 Administra\u00e7\u00e3o de Condom\u00ednios.<\/p>\n<p>Dentro das obriga\u00e7\u00f5es do conselho est\u00e3o, entre outras, desenvolver a\u00e7\u00f5es de orienta\u00e7\u00e3o e preven\u00e7\u00e3o \u00e0 explora\u00e7\u00e3o ilegal da atividade por empresa associada ao sindicato; propor e viabilizar a\u00e7\u00f5es de qualifica\u00e7\u00e3o de profissionais que exercem atividades na \u00e1rea e fiscalizar empresas que explorem ilegalmente a atividade de gest\u00e3o de condom\u00ednios.<\/p>\n<p>J\u00e1 o SIPCERN, se obriga a disponibilizar informa\u00e7\u00f5es relativas \u00e0 legisla\u00e7\u00e3o prevista para as empresas que exploram \u00e0 atividade, no que diz respeito ao campo de atua\u00e7\u00e3o do administrador; inserir dispositivo legal em Conven\u00e7\u00e3o Coletiva visando o cumprimento legisla\u00e7\u00e3o relacionada ao registro, adimpl\u00eancia e anota\u00e7\u00e3o da Responsabilidade T\u00e9cnica das empresas filiadas e, ainda, divulgar as a\u00e7\u00f5es de qualifica\u00e7\u00e3o promovidas ou apoiadas pelo CRA-RN, entre outros pontos.<\/p>\n<p>Al\u00e9m da presidente do CRA-RN e do presidente do SIPCERN, estiveram presentes \u00e0 assinatura do acordo, a coordenadora de Fiscaliza\u00e7\u00e3o e Registro do regional, Tatiana Costa Pinto e o administrador fiscal, F\u00e1bio Maia.<\/p>\n<button class=\"simplefavorite-button\" data-postid=\"63157\" data-siteid=\"1\" data-groupid=\"1\" data-favoritecount=\"0\" style=\"\">Favorite <i class=\"sf-icon-star-empty\"><\/i><\/button>","protected":false},"excerpt":{"rendered":"<p>\u00a0 O Conselho Regional de Administra\u00e7\u00e3o do RN, assinou, nesta sexta-feira (18\/12), um Acordo de Coopera\u00e7\u00e3o com o Sindicato dos Condom\u00ednios, Administradores e Shoppings Centers do RN- SIPCERN. O acordo, assinado pela presidente do CRA-RN, Kate Maciel e pelo presidente do SIPCERN, Luiz Val\u00e9rio Dutra Filho, prev\u00ea o estabelecimento de a\u00e7\u00f5es rec\u00edprocas de orienta\u00e7\u00e3o, sensibiliza\u00e7\u00e3o<a class=\"read-more\" href=\"https:\/\/crarn.org.br\/?p=63157\"> [&hellip;]<\/a><\/p>\n","protected":false},"author":26,"featured_media":63158,"comment_status":"closed","ping_status":"open","sticky":true,"template":"","format":"standard","meta":{"_price":"","_stock":"","_tribe_ticket_header":"","_tribe_default_ticket_provider":"","_tribe_ticket_capacity":"0","_ticket_start_date":"","_ticket_end_date":"","_tribe_ticket_show_description":"","_tribe_ticket_show_not_going":false,"_tribe_ticket_use_global_stock":"","_tribe_ticket_global_stock_level":"","_global_stock_mode":"","_global_stock_cap":"","_tribe_rsvp_for_event":"","_tribe_ticket_going_count":"","_tribe_ticket_not_going_count":"","_tribe_tickets_list":"[]","_tribe_ticket_has_attendee_info_fields":false,"footnotes":"","_links_to":"","_links_to_target":""},"categories":[546,320,399,309],"tags":[],"class_list":["post-63157","post","type-post","status-publish","format-standard","has-post-thumbnail","hentry","category-ano-2020","category-home","category-institucional","category-ultimas-noticias","entry","has-media"],"_links":{"self":[{"href":"https:\/\/crarn.org.br\/index.php?rest_route=\/wp\/v2\/posts\/63157","targetHints":{"allow":["GET"]}}],"collection":[{"href":"https:\/\/crarn.org.br\/index.php?rest_route=\/wp\/v2\/posts"}],"about":[{"href":"https:\/\/crarn.org.br\/index.php?rest_route=\/wp\/v2\/types\/post"}],"author":[{"embeddable":true,"href":"https:\/\/crarn.org.br\/index.php?rest_route=\/wp\/v2\/users\/26"}],"replies":[{"embeddable":true,"href":"https:\/\/crarn.org.br\/index.php?rest_route=%2Fwp%2Fv2%2Fcomments&post=63157"}],"version-history":[{"count":1,"href":"https:\/\/crarn.org.br\/index.php?rest_route=\/wp\/v2\/posts\/63157\/revisions"}],"predecessor-version":[{"id":63159,"href":"https:\/\/crarn.org.br\/index.php?rest_route=\/wp\/v2\/posts\/63157\/revisions\/63159"}],"wp:featuredmedia":[{"embeddable":true,"href":"https:\/\/crarn.org.br\/index.php?rest_route=\/wp\/v2\/media\/63158"}],"wp:attachment":[{"href":"https:\/\/crarn.org.br\/index.php?rest_route=%2Fwp%2Fv2%2Fmedia&parent=63157"}],"wp:term":[{"taxonomy":"category","embeddable":true,"href":"https:\/\/crarn.org.br\/index.php?rest_route=%2Fwp%2Fv2%2Fcategories&post=63157"},{"taxonomy":"post_tag","embeddable":true,"href":"https:\/\/crarn.org.br\/index.php?rest_route=%2Fwp%2Fv2%2Ftags&post=63157"}],"curies":[{"name":"wp","href":"https:\/\/api.w.org\/{rel}","templated":true}]}}