{"id":63076,"date":"2020-12-09T14:05:42","date_gmt":"2020-12-09T17:05:42","guid":{"rendered":"https:\/\/crarn.org.br\/?p=63076"},"modified":"2020-12-09T14:05:45","modified_gmt":"2020-12-09T17:05:45","slug":"cra-rn-faz-parceria-visando-acoes-junto-a-gestao-de-condominios","status":"publish","type":"post","link":"https:\/\/crarn.org.br\/?p=63076","title":{"rendered":"CRA-RN faz parceria visando a\u00e7\u00f5es junto \u00e0 gest\u00e3o de condom\u00ednios"},"content":{"rendered":"\n<p>\u00a0<\/p>\n<p>\u201cO mercado de gest\u00e3o condominial cresce de forma exponencial e apresenta muitos desafios, em fun\u00e7\u00e3o do crescimento e das exig\u00eancias legais e das demandas dos moradores\u201d. Esta afirma\u00e7\u00e3o \u00e9 da administradora e consultora, Rosely Schwartz, tamb\u00e9m coordenadora do Grupo de Excel\u00eancia em Administra\u00e7\u00e3o de Condom\u00ednios (GEAC), do Conselho Regional de Administra\u00e7\u00e3o de S\u00e3o Paulo (CRA-SP), em entrevista ao site do CFA.<\/p>\n<p>De acordo com a especialista, o setor oferece diversas oportunidades de trabalho e neg\u00f3cio a s\u00edndicos profissionais e administradores. Os profissionais da Administra\u00e7\u00e3o t\u00eam tido papel cada vez mais importante no segmento.<\/p>\n<p>Diante deste panorama nacional, no in\u00edcio desta semana, a presidente do CRA-RN, Kate Maciel, a coordenadora de Fiscaliza\u00e7\u00e3o, Tatiana Costa Pinto e o administrador fiscal, F\u00e1bio Maia, participaram de uma reuni\u00e3o com o presidente do SIPCERN &#8211; Sindicato dos Condom\u00ednios, Administradoras, Shoppings, Cl\u00ednicas, Flats e Apart-Hot\u00e9is do RN, Luiz Val\u00e9rio Dutra e a presidente do Sindicato de Mossor\u00f3, Katllen Martins.<\/p>\n<p>A reuni\u00e3o teve como objetivo viabilizar a formaliza\u00e7\u00e3o de uma parceria com os sindicatos, visando o desenvolvimento de a\u00e7\u00f5es compartilhadas de enfretamento dos desafios da presta\u00e7\u00e3o de servi\u00e7os de gest\u00e3o de condom\u00ednios.<\/p>\n<p>Um dos pontos importantes discutidos foi a proposta do sindicato de inserir um novo dispositivo na Conven\u00e7\u00e3o Coletiva de Trabalho, determinando que os condom\u00ednios exijam, a obrigatoriedade da comprova\u00e7\u00e3o anual, do registro, adimpl\u00eancia e anota\u00e7\u00e3o da responsabilidade t\u00e9cnica, pelas empresas que prestam servi\u00e7os de Administra\u00e7\u00e3o de Condom\u00ednios e de Terceriza\u00e7\u00e3o de M\u00e3o de Obra junto aos tomadores de servi\u00e7os, mediante Certid\u00e3o de Registro e Regularidade expedida pelo Conselho Regional de Administra\u00e7\u00e3o do Rio Grande do Norte.<\/p>\n<p>A parceria prev\u00ea, ainda, a\u00e7\u00f5es conjuntas baseadas no cen\u00e1rio e nas tend\u00eancias da administra\u00e7\u00e3o condominial no RN.<\/p>\n<p>Na atual gest\u00e3o do CRA-RN, seguindo o mesmo direcionamento do CFA, a quest\u00e3o da administra\u00e7\u00e3o de condom\u00ednios j\u00e1 vem sendo intensificada em raz\u00e3o da import\u00e2ncia do tema.<\/p>\n<p>\u00a0<\/p>\n<p>\u00a0<\/p>\n<button class=\"simplefavorite-button\" data-postid=\"63076\" data-siteid=\"1\" data-groupid=\"1\" data-favoritecount=\"0\" style=\"\">Favorite <i class=\"sf-icon-star-empty\"><\/i><\/button>","protected":false},"excerpt":{"rendered":"<p>\u00a0 \u201cO mercado de gest\u00e3o condominial cresce de forma exponencial e apresenta muitos desafios, em fun\u00e7\u00e3o do crescimento e das exig\u00eancias legais e das demandas dos moradores\u201d. Esta afirma\u00e7\u00e3o \u00e9 da administradora e consultora, Rosely Schwartz, tamb\u00e9m coordenadora do Grupo de Excel\u00eancia em Administra\u00e7\u00e3o de Condom\u00ednios (GEAC), do Conselho Regional de Administra\u00e7\u00e3o de S\u00e3o Paulo<a class=\"read-more\" href=\"https:\/\/crarn.org.br\/?p=63076\"> [&hellip;]<\/a><\/p>\n","protected":false},"author":26,"featured_media":63077,"comment_status":"closed","ping_status":"open","sticky":true,"template":"","format":"standard","meta":{"_price":"","_stock":"","_tribe_ticket_header":"","_tribe_default_ticket_provider":"","_tribe_ticket_capacity":"0","_ticket_start_date":"","_ticket_end_date":"","_tribe_ticket_show_description":"","_tribe_ticket_show_not_going":false,"_tribe_ticket_use_global_stock":"","_tribe_ticket_global_stock_level":"","_global_stock_mode":"","_global_stock_cap":"","_tribe_rsvp_for_event":"","_tribe_ticket_going_count":"","_tribe_ticket_not_going_count":"","_tribe_tickets_list":"[]","_tribe_ticket_has_attendee_info_fields":false,"footnotes":"","_links_to":"","_links_to_target":""},"categories":[546,310,399,309],"tags":[],"class_list":["post-63076","post","type-post","status-publish","format-standard","has-post-thumbnail","hentry","category-ano-2020","category-destaque-grande","category-institucional","category-ultimas-noticias","entry","has-media"],"_links":{"self":[{"href":"https:\/\/crarn.org.br\/index.php?rest_route=\/wp\/v2\/posts\/63076","targetHints":{"allow":["GET"]}}],"collection":[{"href":"https:\/\/crarn.org.br\/index.php?rest_route=\/wp\/v2\/posts"}],"about":[{"href":"https:\/\/crarn.org.br\/index.php?rest_route=\/wp\/v2\/types\/post"}],"author":[{"embeddable":true,"href":"https:\/\/crarn.org.br\/index.php?rest_route=\/wp\/v2\/users\/26"}],"replies":[{"embeddable":true,"href":"https:\/\/crarn.org.br\/index.php?rest_route=%2Fwp%2Fv2%2Fcomments&post=63076"}],"version-history":[{"count":2,"href":"https:\/\/crarn.org.br\/index.php?rest_route=\/wp\/v2\/posts\/63076\/revisions"}],"predecessor-version":[{"id":63079,"href":"https:\/\/crarn.org.br\/index.php?rest_route=\/wp\/v2\/posts\/63076\/revisions\/63079"}],"wp:featuredmedia":[{"embeddable":true,"href":"https:\/\/crarn.org.br\/index.php?rest_route=\/wp\/v2\/media\/63077"}],"wp:attachment":[{"href":"https:\/\/crarn.org.br\/index.php?rest_route=%2Fwp%2Fv2%2Fmedia&parent=63076"}],"wp:term":[{"taxonomy":"category","embeddable":true,"href":"https:\/\/crarn.org.br\/index.php?rest_route=%2Fwp%2Fv2%2Fcategories&post=63076"},{"taxonomy":"post_tag","embeddable":true,"href":"https:\/\/crarn.org.br\/index.php?rest_route=%2Fwp%2Fv2%2Ftags&post=63076"}],"curies":[{"name":"wp","href":"https:\/\/api.w.org\/{rel}","templated":true}]}}