{"id":62967,"date":"2020-11-10T14:39:35","date_gmt":"2020-11-10T17:39:35","guid":{"rendered":"https:\/\/crarn.org.br\/?p=62967"},"modified":"2020-11-10T14:39:39","modified_gmt":"2020-11-10T17:39:39","slug":"novembro-azul","status":"publish","type":"post","link":"https:\/\/crarn.org.br\/?p=62967","title":{"rendered":"Novembro Azul"},"content":{"rendered":"\n<header class=\"entry-header clr\"><\/header>\n<div class=\"entry-content clr\">\n<p>\u00a0<\/p>\n<div class=\"addtoany_share_save_container addtoany_content addtoany_content_bottom\">\n<div class=\"a2a_kit a2a_kit_size_32 addtoany_list\" data-a2a-url=\"https:\/\/cfa.org.br\/novembro-mes-da-conscientizacao-contra-o-cancer-de-prostata\/\" data-a2a-title=\"Novembro: M\u00eas da conscientiza\u00e7\u00e3o contra o c\u00e2ncer de pr\u00f3stata\">Anualmente, no m\u00eas de novembro, m\u00eas da conscientiza\u00e7\u00e3o contra o c\u00e2ncer de pr\u00f3stata, o Sistema CFA\/CRAs realiza a campanha Novembro Azul, com um alerta para os homens.<\/div>\n<div data-a2a-url=\"https:\/\/cfa.org.br\/novembro-mes-da-conscientizacao-contra-o-cancer-de-prostata\/\" data-a2a-title=\"Novembro: M\u00eas da conscientiza\u00e7\u00e3o contra o c\u00e2ncer de pr\u00f3stata\">\u00a0<\/div>\n<\/div>\n<\/div>\n<p>Com um diagn\u00f3stico precoce \u00e9 poss\u00edvel preservar o seu futuro.\u00a0 \u00c9 simples, basta fazer a sua parte e procurar um urologista. Os ADMs apoiam esta campanha. Previna-se e valorize a sua vida!<\/p>\n<button class=\"simplefavorite-button\" data-postid=\"62967\" data-siteid=\"1\" data-groupid=\"1\" data-favoritecount=\"0\" style=\"\">Favorite <i class=\"sf-icon-star-empty\"><\/i><\/button>","protected":false},"excerpt":{"rendered":"<p>\u00a0 Anualmente, no m\u00eas de novembro, m\u00eas da conscientiza\u00e7\u00e3o contra o c\u00e2ncer de pr\u00f3stata, o Sistema CFA\/CRAs realiza a campanha Novembro Azul, com um alerta para os homens. \u00a0 Com um diagn\u00f3stico precoce \u00e9 poss\u00edvel preservar o seu futuro.\u00a0 \u00c9 simples, basta fazer a sua parte e procurar um urologista. Os ADMs apoiam esta campanha.<a class=\"read-more\" href=\"https:\/\/crarn.org.br\/?p=62967\"> [&hellip;]<\/a><\/p>\n","protected":false},"author":26,"featured_media":62968,"comment_status":"closed","ping_status":"open","sticky":true,"template":"","format":"standard","meta":{"_price":"","_stock":"","_tribe_ticket_header":"","_tribe_default_ticket_provider":"","_tribe_ticket_capacity":"0","_ticket_start_date":"","_ticket_end_date":"","_tribe_ticket_show_description":"","_tribe_ticket_show_not_going":false,"_tribe_ticket_use_global_stock":"","_tribe_ticket_global_stock_level":"","_global_stock_mode":"","_global_stock_cap":"","_tribe_rsvp_for_event":"","_tribe_ticket_going_count":"","_tribe_ticket_not_going_count":"","_tribe_tickets_list":"[]","_tribe_ticket_has_attendee_info_fields":false,"footnotes":"","_links_to":"","_links_to_target":""},"categories":[546,426,310,309],"tags":[],"class_list":["post-62967","post","type-post","status-publish","format-standard","has-post-thumbnail","hentry","category-ano-2020","category-cfa","category-destaque-grande","category-ultimas-noticias","entry","has-media"],"_links":{"self":[{"href":"https:\/\/crarn.org.br\/index.php?rest_route=\/wp\/v2\/posts\/62967","targetHints":{"allow":["GET"]}}],"collection":[{"href":"https:\/\/crarn.org.br\/index.php?rest_route=\/wp\/v2\/posts"}],"about":[{"href":"https:\/\/crarn.org.br\/index.php?rest_route=\/wp\/v2\/types\/post"}],"author":[{"embeddable":true,"href":"https:\/\/crarn.org.br\/index.php?rest_route=\/wp\/v2\/users\/26"}],"replies":[{"embeddable":true,"href":"https:\/\/crarn.org.br\/index.php?rest_route=%2Fwp%2Fv2%2Fcomments&post=62967"}],"version-history":[{"count":2,"href":"https:\/\/crarn.org.br\/index.php?rest_route=\/wp\/v2\/posts\/62967\/revisions"}],"predecessor-version":[{"id":62970,"href":"https:\/\/crarn.org.br\/index.php?rest_route=\/wp\/v2\/posts\/62967\/revisions\/62970"}],"wp:featuredmedia":[{"embeddable":true,"href":"https:\/\/crarn.org.br\/index.php?rest_route=\/wp\/v2\/media\/62968"}],"wp:attachment":[{"href":"https:\/\/crarn.org.br\/index.php?rest_route=%2Fwp%2Fv2%2Fmedia&parent=62967"}],"wp:term":[{"taxonomy":"category","embeddable":true,"href":"https:\/\/crarn.org.br\/index.php?rest_route=%2Fwp%2Fv2%2Fcategories&post=62967"},{"taxonomy":"post_tag","embeddable":true,"href":"https:\/\/crarn.org.br\/index.php?rest_route=%2Fwp%2Fv2%2Ftags&post=62967"}],"curies":[{"name":"wp","href":"https:\/\/api.w.org\/{rel}","templated":true}]}}