{"id":62963,"date":"2020-11-10T14:05:01","date_gmt":"2020-11-10T17:05:01","guid":{"rendered":"https:\/\/crarn.org.br\/?p=62963"},"modified":"2020-11-10T14:05:05","modified_gmt":"2020-11-10T17:05:05","slug":"evento-reunira-mulheres-para-discutir-ciencia-empregabilidade-e-inovacao","status":"publish","type":"post","link":"https:\/\/crarn.org.br\/?p=62963","title":{"rendered":"Evento reunir\u00e1 mulheres para discutir ci\u00eancia, empregabilidade e inova\u00e7\u00e3o"},"content":{"rendered":"\n<p><\/p>\n\n\n\n<p>F\u00f3rum ser\u00e1 100% on-line com transmiss\u00e3o ao vivo pelo CFAPlay. Proposta \u00e9 contribuir para a amplia\u00e7\u00e3o da atua\u00e7\u00e3o do p\u00fablico feminino no mercado de trabalho<\/p>\n\n\n\n<p>A Comiss\u00e3o Especial ADM Mulher do Conselho Federal de Administra\u00e7\u00e3o (CFA) realizar\u00e1, de 24 a 26 de novembro, o III F\u00f3rum das Mulheres da Administra\u00e7\u00e3o. Nesta edi\u00e7\u00e3o, o evento acontece em um momento muito oportuno: no pr\u00f3ximo dia 19 \u00e9 o Dia Mundial do Empreendedorismo Feminino, data criada pela Organiza\u00e7\u00e3o das Na\u00e7\u00f5es Unidas (ONU) para ampliar as oportunidades para as mulheres em todo o mundo. Atualmente, elas det\u00eam um acesso m\u00e9dio entre 58% e 70% dos postos ocupados por homens na pol\u00edtica, economia, educa\u00e7\u00e3o e sa\u00fade.<\/p>\n\n\n\n<p>Segundo a coordenadora da Comiss\u00e3o, Cl\u00e1udia Stadtlober, o objetivo do F\u00f3rum \u00e9, entre outras coisas, oportunizar conhecimentos relacionados \u00e0s \u00e1reas de atividade da profissional de Administra\u00e7\u00e3o e contribuir para a amplia\u00e7\u00e3o da atua\u00e7\u00e3o dessas mulheres no mercado de trabalho. \u201cN\u00f3s, do Sistema CFA\/CRAs, percebemos a import\u00e2ncia e urg\u00eancia em modificar o ambiente de neg\u00f3cios e aumentar a presen\u00e7a feminina em todos os segmentos do mundo do trabalho, em busca da equidade entre os sexos nas organiza\u00e7\u00f5es, proporcionando formas em que a mulher desenvolva olhar cr\u00edtico e reflexivo enquanto cidad\u00e3\u201d, explicou a conselheira.<\/p>\n\n\n\n<p>Ela conta, ainda, que as a\u00e7\u00f5es as desenvolvidas pela Comiss\u00e3o ADM Mulher est\u00e3o alinhadas com os Objetivos de Desenvolvimento Sustent\u00e1vel (ODS) da ONU. \u201cNossa inten\u00e7\u00e3o \u00e9 aproximar o Sistema CFA\/CRAs das mulheres profissionais de Administra\u00e7\u00e3o por meio de eventos como o F\u00f3rum e fortalecer o engajamento entre a autarquia e as mulheres profissionais para futuros projetos\u201d, disse.<\/p>\n\n\n\n<p>Programa\u00e7\u00e3o diversificada<\/p>\n\n\n\n<p>O III F\u00f3rum das Mulheres da Administra\u00e7\u00e3o discutir\u00e1 diversos assuntos. No primeiro dia, o tema central do evento ser\u00e1 \u201cMulheres na Ci\u00eancia\u201d e, entre os destaques est\u00e3o a participa\u00e7\u00e3o da f\u00edsica M\u00e1rcia Barbosa que, em 2020, foi escolhida pela ONU Mulheres como uma das sete mulheres cientistas que moldaram o mundo e eleita pela Forbes Brasil como uma das 20 mulheres mais poderosas do Brasil; e da neurocientista P\u00e2mela Billig Mello Carpes.<\/p>\n\n\n\n<p>No segundo dia, o time de peso formado por quatro mulheres falar\u00e1 sobre \u201cInova\u00e7\u00e3o\u201d. Far\u00e3o parte desse painel a s\u00f3cia\u2013Diretora da Divis\u00e3o Internacional da Ability na Europa, a administradora Cl\u00e1udia Tinoco; a Raquel Boechat, que \u00e9 empreendedora h\u00e1 mais de 21 anos e s\u00f3cia de empresas e projetos no Brasil e no Canad\u00e1; a fundadora da Intera e administradora Paula Moraes; e da empreendedora, escritora, financista e mentora co-founder na Orfeu Produ\u00e7\u00f5es, Sabrina Qu\u00e2ntica.<\/p>\n\n\n\n<p>J\u00e1 no terceiro e \u00faltimo dia do F\u00f3rum, o assunto da vez ser\u00e1 \u201cEmpregabilidade e carreira\u201d. Para discutir o tema, o F\u00f3rum ter\u00e1 a participa\u00e7\u00e3o da secret\u00e1ria de Rela\u00e7\u00f5es Federativas e Internacionais do Rio Grande do Sul, em Bras\u00edlia, Ana Am\u00e9lia Lemos, e da empres\u00e1ria Ana L\u00facia Bastos Mota, que \u00e9 propriet\u00e1ria e dirige a Cerbra, empresa brasileira de refer\u00eancia no mercado de cer\u00e2micas e porcelanatos.<\/p>\n\n\n\n<p>A programa\u00e7\u00e3o tamb\u00e9m ter\u00e1 a participa\u00e7\u00e3o das conselheiras federais e membros da Comiss\u00e3o ADM Mulher, as administradoras Claudia Stadtlober, Ione Salem e Aline Mendon\u00e7a. Al\u00e9m disso, o p\u00fablico poder\u00e1 conferir atra\u00e7\u00f5es culturais com a Kakau Art Teatro Cultural e grupo BR6.<\/p>\n\n\n\n<p>Inscri\u00e7\u00f5es<\/p>\n\n\n\n<p>O III F\u00f3rum das Mulheres da Administra\u00e7\u00e3o \u00e9 gratuito e voltado para as profissionais e estudantes de Administra\u00e7\u00e3o, mas mulheres de outros segmentos tamb\u00e9m poder\u00e3o conferir o evento. N\u00e3o \u00e9 preciso fazer inscri\u00e7\u00e3o para participar do encontro. O F\u00f3rum ser\u00e1 totalmente on-line, com transmiss\u00e3o ao vivo pelo CFAPlay \u2013 canal do CFA no Youtube. O evento acontecer\u00e1 das 19h \u00e0s 21h.<\/p>\n\n\n\n<p>Ser\u00e3o emitidos certificados de participa\u00e7\u00e3o com carga hor\u00e1ria de tr\u00eas horas por noite, a todos que participarem, inclusive painelistas e palestrantes.<\/p>\n\n\n\n<p><\/p>\n\n\n\n<p>Assessoria de Comunica\u00e7\u00e3o CFA<\/p>\n<button class=\"simplefavorite-button\" data-postid=\"62963\" data-siteid=\"1\" data-groupid=\"1\" data-favoritecount=\"0\" style=\"\">Favorite <i class=\"sf-icon-star-empty\"><\/i><\/button>","protected":false},"excerpt":{"rendered":"<p>F\u00f3rum ser\u00e1 100% on-line com transmiss\u00e3o ao vivo pelo CFAPlay. Proposta \u00e9 contribuir para a amplia\u00e7\u00e3o da atua\u00e7\u00e3o do p\u00fablico feminino no mercado de trabalho A Comiss\u00e3o Especial ADM Mulher do Conselho Federal de Administra\u00e7\u00e3o (CFA) realizar\u00e1, de 24 a 26 de novembro, o III F\u00f3rum das Mulheres da Administra\u00e7\u00e3o. Nesta edi\u00e7\u00e3o, o evento acontece<a class=\"read-more\" href=\"https:\/\/crarn.org.br\/?p=62963\"> [&hellip;]<\/a><\/p>\n","protected":false},"author":26,"featured_media":62964,"comment_status":"closed","ping_status":"open","sticky":true,"template":"","format":"standard","meta":{"_price":"","_stock":"","_tribe_ticket_header":"","_tribe_default_ticket_provider":"","_tribe_ticket_capacity":"0","_ticket_start_date":"","_ticket_end_date":"","_tribe_ticket_show_description":"","_tribe_ticket_show_not_going":false,"_tribe_ticket_use_global_stock":"","_tribe_ticket_global_stock_level":"","_global_stock_mode":"","_global_stock_cap":"","_tribe_rsvp_for_event":"","_tribe_ticket_going_count":"","_tribe_ticket_not_going_count":"","_tribe_tickets_list":"[]","_tribe_ticket_has_attendee_info_fields":false,"footnotes":"","_links_to":"","_links_to_target":""},"categories":[546,426,310,399],"tags":[],"class_list":["post-62963","post","type-post","status-publish","format-standard","has-post-thumbnail","hentry","category-ano-2020","category-cfa","category-destaque-grande","category-institucional","entry","has-media"],"_links":{"self":[{"href":"https:\/\/crarn.org.br\/index.php?rest_route=\/wp\/v2\/posts\/62963","targetHints":{"allow":["GET"]}}],"collection":[{"href":"https:\/\/crarn.org.br\/index.php?rest_route=\/wp\/v2\/posts"}],"about":[{"href":"https:\/\/crarn.org.br\/index.php?rest_route=\/wp\/v2\/types\/post"}],"author":[{"embeddable":true,"href":"https:\/\/crarn.org.br\/index.php?rest_route=\/wp\/v2\/users\/26"}],"replies":[{"embeddable":true,"href":"https:\/\/crarn.org.br\/index.php?rest_route=%2Fwp%2Fv2%2Fcomments&post=62963"}],"version-history":[{"count":1,"href":"https:\/\/crarn.org.br\/index.php?rest_route=\/wp\/v2\/posts\/62963\/revisions"}],"predecessor-version":[{"id":62965,"href":"https:\/\/crarn.org.br\/index.php?rest_route=\/wp\/v2\/posts\/62963\/revisions\/62965"}],"wp:featuredmedia":[{"embeddable":true,"href":"https:\/\/crarn.org.br\/index.php?rest_route=\/wp\/v2\/media\/62964"}],"wp:attachment":[{"href":"https:\/\/crarn.org.br\/index.php?rest_route=%2Fwp%2Fv2%2Fmedia&parent=62963"}],"wp:term":[{"taxonomy":"category","embeddable":true,"href":"https:\/\/crarn.org.br\/index.php?rest_route=%2Fwp%2Fv2%2Fcategories&post=62963"},{"taxonomy":"post_tag","embeddable":true,"href":"https:\/\/crarn.org.br\/index.php?rest_route=%2Fwp%2Fv2%2Ftags&post=62963"}],"curies":[{"name":"wp","href":"https:\/\/api.w.org\/{rel}","templated":true}]}}