{"id":62895,"date":"2020-11-05T14:29:35","date_gmt":"2020-11-05T17:29:35","guid":{"rendered":"https:\/\/crarn.org.br\/?p=62895"},"modified":"2020-11-05T18:15:35","modified_gmt":"2020-11-05T21:15:35","slug":"candidatos-a-prefeito-e-vereador-de-natal-visitam-cra-rn","status":"publish","type":"post","link":"https:\/\/crarn.org.br\/?p=62895","title":{"rendered":"Candidatos a prefeito e vereador de Natal visitam CRA-RN"},"content":{"rendered":"\n<p>&nbsp;<\/p>\n<p>A presidente do CRA-RN, Kate Maciel e o diretor administrativo, Nivaldo Pessoa, receberam, nesta segunda-feira (26\/10), a visita do deputado estadual e candidato a prefeito de Natal pelo PSC, Coronel Azev\u00eado, o candidato a vereador do partido, Wlademir Paiva, representantes da Athos Contabilidade e assessores dos candidatos.<\/p>\n<p>Durante a reuni\u00e3o, o Coronel Azev\u00eado, apresentou aos representantes do CRA-RN, a Plataforma+Brasil, criada pelo Governo Federal no \u00e2mbito da administra\u00e7\u00e3o p\u00fablica federal. Trata-se de uma ferramenta integrada e centralizada, com dados abertos, destinada \u00e0 informatiza\u00e7\u00e3o e \u00e0 operacionaliza\u00e7\u00e3o das transfer\u00eancias de recursos do Or\u00e7amento Fiscal e da Seguridade Social da Uni\u00e3o a \u00f3rg\u00e3o ou entidade da administra\u00e7\u00e3o p\u00fablica estadual, distrital ou municipal, direta ou indireta; cons\u00f3rcios p\u00fablicos e entidades privadas sem fins lucrativos, com o objetivo de padronizar e simplificar os processos de transfer\u00eancias de recursos, entre outros.<\/p>\n<p>Na ocasi\u00e3o, a presidente do CRA-RN passou \u00e0s m\u00e3os do Coronel Azev\u00eado um exemplar da Agenda de Gest\u00e3o Municipal, de autoria do Adm. Marcus Lucena, publicada pelo CFA. A agenda \u00e9 uma ferramenta de consulta que serve de apoio no dia-a-dia dos prefeitos, secret\u00e1rios, assessores, t\u00e9cnicos e funcion\u00e1rios p\u00fablicos. Nela, constam as informa\u00e7\u00f5es \u2013 m\u00eas a m\u00eas &#8211; sobre todos os tipos de obriga\u00e7\u00f5es e os prazos a serem cumpridos junto aos Tribunais de Contas dos Estados, Minist\u00e9rios P\u00fablicos Estaduais, Minist\u00e9rio P\u00fablico Federal, entre outros \u00f3rg\u00e3os administrativos.<\/p>\n<button class=\"simplefavorite-button\" data-postid=\"62895\" data-siteid=\"1\" data-groupid=\"1\" data-favoritecount=\"0\" style=\"\">Favorite <i class=\"sf-icon-star-empty\"><\/i><\/button>","protected":false},"excerpt":{"rendered":"<p>&nbsp; A presidente do CRA-RN, Kate Maciel e o diretor administrativo, Nivaldo Pessoa, receberam, nesta segunda-feira (26\/10), a visita do deputado estadual e candidato a prefeito de Natal pelo PSC, Coronel Azev\u00eado, o candidato a vereador do partido, Wlademir Paiva, representantes da Athos Contabilidade e assessores dos candidatos. Durante a reuni\u00e3o, o Coronel Azev\u00eado, apresentou<a class=\"read-more\" href=\"https:\/\/crarn.org.br\/?p=62895\"> [&hellip;]<\/a><\/p>\n","protected":false},"author":26,"featured_media":62870,"comment_status":"closed","ping_status":"open","sticky":true,"template":"","format":"standard","meta":{"_price":"","_stock":"","_tribe_ticket_header":"","_tribe_default_ticket_provider":"","_tribe_ticket_capacity":"0","_ticket_start_date":"","_ticket_end_date":"","_tribe_ticket_show_description":"","_tribe_ticket_show_not_going":false,"_tribe_ticket_use_global_stock":"","_tribe_ticket_global_stock_level":"","_global_stock_mode":"","_global_stock_cap":"","_tribe_rsvp_for_event":"","_tribe_ticket_going_count":"","_tribe_ticket_not_going_count":"","_tribe_tickets_list":"[]","_tribe_ticket_has_attendee_info_fields":false,"footnotes":"","_links_to":"","_links_to_target":""},"categories":[546,312,320,399,309],"tags":[],"class_list":["post-62895","post","type-post","status-publish","format-standard","has-post-thumbnail","hentry","category-ano-2020","category-destaque-pequeno-inferior","category-home","category-institucional","category-ultimas-noticias","entry","has-media"],"_links":{"self":[{"href":"https:\/\/crarn.org.br\/index.php?rest_route=\/wp\/v2\/posts\/62895","targetHints":{"allow":["GET"]}}],"collection":[{"href":"https:\/\/crarn.org.br\/index.php?rest_route=\/wp\/v2\/posts"}],"about":[{"href":"https:\/\/crarn.org.br\/index.php?rest_route=\/wp\/v2\/types\/post"}],"author":[{"embeddable":true,"href":"https:\/\/crarn.org.br\/index.php?rest_route=\/wp\/v2\/users\/26"}],"replies":[{"embeddable":true,"href":"https:\/\/crarn.org.br\/index.php?rest_route=%2Fwp%2Fv2%2Fcomments&post=62895"}],"version-history":[{"count":2,"href":"https:\/\/crarn.org.br\/index.php?rest_route=\/wp\/v2\/posts\/62895\/revisions"}],"predecessor-version":[{"id":62910,"href":"https:\/\/crarn.org.br\/index.php?rest_route=\/wp\/v2\/posts\/62895\/revisions\/62910"}],"wp:featuredmedia":[{"embeddable":true,"href":"https:\/\/crarn.org.br\/index.php?rest_route=\/wp\/v2\/media\/62870"}],"wp:attachment":[{"href":"https:\/\/crarn.org.br\/index.php?rest_route=%2Fwp%2Fv2%2Fmedia&parent=62895"}],"wp:term":[{"taxonomy":"category","embeddable":true,"href":"https:\/\/crarn.org.br\/index.php?rest_route=%2Fwp%2Fv2%2Fcategories&post=62895"},{"taxonomy":"post_tag","embeddable":true,"href":"https:\/\/crarn.org.br\/index.php?rest_route=%2Fwp%2Fv2%2Ftags&post=62895"}],"curies":[{"name":"wp","href":"https:\/\/api.w.org\/{rel}","templated":true}]}}