{"id":62880,"date":"2020-11-05T13:05:09","date_gmt":"2020-11-05T16:05:09","guid":{"rendered":"https:\/\/crarn.org.br\/?p=62880"},"modified":"2020-11-05T18:16:29","modified_gmt":"2020-11-05T21:16:29","slug":"eleicoes-2020-se-voce-nao-votou-justifique","status":"publish","type":"post","link":"https:\/\/crarn.org.br\/?p=62880","title":{"rendered":"Elei\u00e7\u00f5es 2020: se voc\u00ea n\u00e3o votou, justifique!"},"content":{"rendered":"\n<p>&nbsp;<\/p>\n<p>O eleitor que estava no col\u00e9gio eleitoral e por algum motivo n\u00e3o votou nas Elei\u00e7\u00f5es 2020 do Sistema CFA\/CRAs, realizadas no \u00faltimo dia 28 \u2013 j\u00e1 pode justificar sua aus\u00eancia no sistema eleitoral. A justificativa dever\u00e1 ser feita em at\u00e9 sessenta dias \u2013 a contar desta quinta-feira (29) \u2013 pelo site: votaadministrador.org.br. O profissional de Administra\u00e7\u00e3o que n\u00e3o justificar sua aus\u00eancia nas elei\u00e7\u00f5es estar\u00e1 automaticamente ineleg\u00edvel no Sistema CFA\/CRAs para a pr\u00f3xima elei\u00e7\u00e3o.<\/p>\n<p>Passo a passo<\/p>\n<p>Para justificar a aus\u00eancia \u00e9 necess\u00e1rio seguir alguns passos:<\/p>\n<p>1 \u2013 Escolha o estado onde reside e selecione a op\u00e7\u00e3o \u201cJustificar\u201d.<\/p>\n<p>2 \u2013 Preencha os dados com o n\u00famero de CPF, n\u00famero de registro, nome do eleitor, telefone, e-mail e marque o motivo da aus\u00eancia do voto.<\/p>\n<p>3 \u2013 Por fim, clique em registrar justificativa.<\/p>\n<p>Segundo a Resolu\u00e7\u00e3o Normativa do CFA, n.\u00ba 567, de 13 de julho de 2019, \u201co voto \u00e9 obrigat\u00f3rio e ser\u00e1 exercido diretamente pelo profissional de Administra\u00e7\u00e3o regularmente inscrito no CRA da respectiva jurisdi\u00e7\u00e3o que esteja em pleno gozo de seus direitos profissionais, sendo facultativo para aqueles com idade igual ou superior a 65 anos\u201d, afirmou o coordenador da Comiss\u00e3o Permanente Eleitoral do Conselho Federal de Administra\u00e7\u00e3o (CFA), H\u00e9rcules Falc\u00e3o.<\/p>\n<p>&nbsp;<\/p>\n<p>* Com informa\u00e7\u00f5es da Assessoria de Comunica\u00e7\u00e3o CFA<\/p>\n<button class=\"simplefavorite-button\" data-postid=\"62880\" data-siteid=\"1\" data-groupid=\"1\" data-favoritecount=\"1\" style=\"\">Favorite <i class=\"sf-icon-star-empty\"><\/i><\/button>","protected":false},"excerpt":{"rendered":"<p>&nbsp; O eleitor que estava no col\u00e9gio eleitoral e por algum motivo n\u00e3o votou nas Elei\u00e7\u00f5es 2020 do Sistema CFA\/CRAs, realizadas no \u00faltimo dia 28 \u2013 j\u00e1 pode justificar sua aus\u00eancia no sistema eleitoral. A justificativa dever\u00e1 ser feita em at\u00e9 sessenta dias \u2013 a contar desta quinta-feira (29) \u2013 pelo site: votaadministrador.org.br. O profissional<a class=\"read-more\" href=\"https:\/\/crarn.org.br\/?p=62880\"> [&hellip;]<\/a><\/p>\n","protected":false},"author":26,"featured_media":62885,"comment_status":"closed","ping_status":"open","sticky":true,"template":"","format":"standard","meta":{"_price":"","_stock":"","_tribe_ticket_header":"","_tribe_default_ticket_provider":"","_tribe_ticket_capacity":"0","_ticket_start_date":"","_ticket_end_date":"","_tribe_ticket_show_description":"","_tribe_ticket_show_not_going":false,"_tribe_ticket_use_global_stock":"","_tribe_ticket_global_stock_level":"","_global_stock_mode":"","_global_stock_cap":"","_tribe_rsvp_for_event":"","_tribe_ticket_going_count":"","_tribe_ticket_not_going_count":"","_tribe_tickets_list":"[]","_tribe_ticket_has_attendee_info_fields":false,"footnotes":"","_links_to":"","_links_to_target":""},"categories":[546,426,310,400,320,399],"tags":[],"class_list":["post-62880","post","type-post","status-publish","format-standard","has-post-thumbnail","hentry","category-ano-2020","category-cfa","category-destaque-grande","category-eleicoes-do-sistema-cfa-cras","category-home","category-institucional","entry","has-media"],"_links":{"self":[{"href":"https:\/\/crarn.org.br\/index.php?rest_route=\/wp\/v2\/posts\/62880","targetHints":{"allow":["GET"]}}],"collection":[{"href":"https:\/\/crarn.org.br\/index.php?rest_route=\/wp\/v2\/posts"}],"about":[{"href":"https:\/\/crarn.org.br\/index.php?rest_route=\/wp\/v2\/types\/post"}],"author":[{"embeddable":true,"href":"https:\/\/crarn.org.br\/index.php?rest_route=\/wp\/v2\/users\/26"}],"replies":[{"embeddable":true,"href":"https:\/\/crarn.org.br\/index.php?rest_route=%2Fwp%2Fv2%2Fcomments&post=62880"}],"version-history":[{"count":8,"href":"https:\/\/crarn.org.br\/index.php?rest_route=\/wp\/v2\/posts\/62880\/revisions"}],"predecessor-version":[{"id":62915,"href":"https:\/\/crarn.org.br\/index.php?rest_route=\/wp\/v2\/posts\/62880\/revisions\/62915"}],"wp:featuredmedia":[{"embeddable":true,"href":"https:\/\/crarn.org.br\/index.php?rest_route=\/wp\/v2\/media\/62885"}],"wp:attachment":[{"href":"https:\/\/crarn.org.br\/index.php?rest_route=%2Fwp%2Fv2%2Fmedia&parent=62880"}],"wp:term":[{"taxonomy":"category","embeddable":true,"href":"https:\/\/crarn.org.br\/index.php?rest_route=%2Fwp%2Fv2%2Fcategories&post=62880"},{"taxonomy":"post_tag","embeddable":true,"href":"https:\/\/crarn.org.br\/index.php?rest_route=%2Fwp%2Fv2%2Ftags&post=62880"}],"curies":[{"name":"wp","href":"https:\/\/api.w.org\/{rel}","templated":true}]}}