{"id":62801,"date":"2020-10-23T08:31:41","date_gmt":"2020-10-23T11:31:41","guid":{"rendered":"https:\/\/crarn.org.br\/?p=62801"},"modified":"2020-10-23T08:31:42","modified_gmt":"2020-10-23T11:31:42","slug":"cra-rn-recebe-estudantes-da-uninassau-natal","status":"publish","type":"post","link":"https:\/\/crarn.org.br\/?p=62801","title":{"rendered":"CRA-RN recebe estudantes da Uninassau Natal"},"content":{"rendered":"\n<p>Na manh\u00e3 desta quarta-feira (14\/10), o CRA-RN recebeu uma visita t\u00e9cnica de alunos de Administra\u00e7\u00e3o da Uninassau Natal. Foi a primeira visita depois da retomada, ap\u00f3s a paraliza\u00e7\u00e3o antes da pandemia, mas aconteceu levando-se em considera\u00e7\u00e3o os protocolos sanit\u00e1rios para evitar a contamina\u00e7\u00e3o pelo coronav\u00edrus.<br \/><br \/><\/p>\n<p>Os alunos da professora e diretora de Desenvolvimento Institucional e Eventos do CRA-RN, Isabella Mendon\u00e7a, da disciplina Gest\u00e3o Estrat\u00e9gica de Marketing e que v\u00e3o fazer o ENADE 2021, foram recebidos pela presidente do CRA-RN, Kate Maciel e pela coordenadora de Fiscaliza\u00e7\u00e3o e Registro, Tatiana Costa Pinto.<br \/><br \/><\/p>\n<p>A professora Isabella fez uma apresenta\u00e7\u00e3o sobre \u201cPerspectivas e Tend\u00eancias do Profissional com a sua nota no ENADE\u201d e a coordenadora da Fiscaliza\u00e7\u00e3o falou sobre \u201cO papel e a import\u00e2ncia do CRA-RN na sociedade\u201d.<br \/><br \/><\/p>\n<p>A presidente do CRA-RN, Kate Maciel, tamb\u00e9m participou da visita dos estudantes e, na conversa com eles, refor\u00e7ou a import\u00e2ncia do conselho para os profissionais, falou sobre os projetos, a novas diretrizes curriculares e a volta do est\u00e1gio obrigat\u00f3rio acompanhado por um profissional.<br \/><br \/><\/p>\n<p>Ao final, agradeceu a presen\u00e7a de todos e alertou para a necessidade deles se manterem atualizados e se aprofundarem na \u00e1rea escolhida para se tornarem bons profissionais, aproveitando as oportunidades do mercado de trabalho.<\/p>\n<button class=\"simplefavorite-button\" data-postid=\"62801\" data-siteid=\"1\" data-groupid=\"1\" data-favoritecount=\"0\" style=\"\">Favorite <i class=\"sf-icon-star-empty\"><\/i><\/button>","protected":false},"excerpt":{"rendered":"<p>Na manh\u00e3 desta quarta-feira (14\/10), o CRA-RN recebeu uma visita t\u00e9cnica de alunos de Administra\u00e7\u00e3o da Uninassau Natal. Foi a primeira visita depois da retomada, ap\u00f3s a paraliza\u00e7\u00e3o antes da pandemia, mas aconteceu levando-se em considera\u00e7\u00e3o os protocolos sanit\u00e1rios para evitar a contamina\u00e7\u00e3o pelo coronav\u00edrus. Os alunos da professora e diretora de Desenvolvimento Institucional e<a class=\"read-more\" href=\"https:\/\/crarn.org.br\/?p=62801\"> [&hellip;]<\/a><\/p>\n","protected":false},"author":25,"featured_media":62809,"comment_status":"closed","ping_status":"open","sticky":false,"template":"","format":"standard","meta":{"_price":"","_stock":"","_tribe_ticket_header":"","_tribe_default_ticket_provider":"","_tribe_ticket_capacity":"0","_ticket_start_date":"","_ticket_end_date":"","_tribe_ticket_show_description":"","_tribe_ticket_show_not_going":false,"_tribe_ticket_use_global_stock":"","_tribe_ticket_global_stock_level":"","_global_stock_mode":"","_global_stock_cap":"","_tribe_rsvp_for_event":"","_tribe_ticket_going_count":"","_tribe_ticket_not_going_count":"","_tribe_tickets_list":"[]","_tribe_ticket_has_attendee_info_fields":false,"footnotes":"","_links_to":"","_links_to_target":""},"categories":[546,309],"tags":[],"class_list":["post-62801","post","type-post","status-publish","format-standard","has-post-thumbnail","hentry","category-ano-2020","category-ultimas-noticias","entry","has-media"],"_links":{"self":[{"href":"https:\/\/crarn.org.br\/index.php?rest_route=\/wp\/v2\/posts\/62801","targetHints":{"allow":["GET"]}}],"collection":[{"href":"https:\/\/crarn.org.br\/index.php?rest_route=\/wp\/v2\/posts"}],"about":[{"href":"https:\/\/crarn.org.br\/index.php?rest_route=\/wp\/v2\/types\/post"}],"author":[{"embeddable":true,"href":"https:\/\/crarn.org.br\/index.php?rest_route=\/wp\/v2\/users\/25"}],"replies":[{"embeddable":true,"href":"https:\/\/crarn.org.br\/index.php?rest_route=%2Fwp%2Fv2%2Fcomments&post=62801"}],"version-history":[{"count":1,"href":"https:\/\/crarn.org.br\/index.php?rest_route=\/wp\/v2\/posts\/62801\/revisions"}],"predecessor-version":[{"id":62817,"href":"https:\/\/crarn.org.br\/index.php?rest_route=\/wp\/v2\/posts\/62801\/revisions\/62817"}],"wp:featuredmedia":[{"embeddable":true,"href":"https:\/\/crarn.org.br\/index.php?rest_route=\/wp\/v2\/media\/62809"}],"wp:attachment":[{"href":"https:\/\/crarn.org.br\/index.php?rest_route=%2Fwp%2Fv2%2Fmedia&parent=62801"}],"wp:term":[{"taxonomy":"category","embeddable":true,"href":"https:\/\/crarn.org.br\/index.php?rest_route=%2Fwp%2Fv2%2Fcategories&post=62801"},{"taxonomy":"post_tag","embeddable":true,"href":"https:\/\/crarn.org.br\/index.php?rest_route=%2Fwp%2Fv2%2Ftags&post=62801"}],"curies":[{"name":"wp","href":"https:\/\/api.w.org\/{rel}","templated":true}]}}