{"id":60537,"date":"2018-06-26T17:13:23","date_gmt":"2018-06-26T20:13:23","guid":{"rendered":"http:\/\/hostgator.cfa.org.br\/cramodelo\/?p=60537"},"modified":"2018-06-26T17:13:23","modified_gmt":"2018-06-26T20:13:23","slug":"filme-12-homens-e-uma-sentenca-e-tema-de-palestra","status":"publish","type":"post","link":"https:\/\/crarn.org.br\/?p=60537","title":{"rendered":"Filme \u201c12 homens e uma senten\u00e7a\u201d \u00e9 tema de palestra"},"content":{"rendered":"<p>Um jovem de origem latina \u00e9 acusado de matar o pr\u00f3prio pai. O juiz respons\u00e1vel pelo caso entrega o destino do rapaz para um j\u00fari formado por 12 pessoas. Reunidos em uma sala, eles precisam decidir, com unanimidade, se o r\u00e9u \u00e9 inocente ou culpado. Entretanto, um dos jurados questiona a falta de provas e um longo e caloroso debate se inicia. Esse \u00e9 o enredo central do filme \u201c12 homens e uma senten\u00e7a\u201d, de Sidney Lumet. A obra ser\u00e1 exibida antes da palestra \u201cA gest\u00e3o das organiza\u00e7\u00f5es atrav\u00e9s das artes\u201d a ser proferida pelo presidente do Conselho Federal de Administra\u00e7\u00e3o (CFA), Wagner Siqueira, em julho.<\/p>\n<p>&nbsp;<\/p>\n<p>Na palestra, Wagner analisa o filme do ponto de vista da administra\u00e7\u00e3o. Para isso, ele faz um paralelo com a hist\u00f3ria narrada no longa e a vida organizacional. O filme mostra, por exemplo, 12 homens com perfis bem diferentes e os conflitos causados pelas diverg\u00eancias de opini\u00f5es e diferentes estilos de lideran\u00e7a. Tais situa\u00e7\u00f5es podem impactar os resultados de uma organiza\u00e7\u00e3o e ser respons\u00e1veis pela motiva\u00e7\u00e3o da equipe na empresa.<\/p>\n<p>&nbsp;<\/p>\n<p>O presidente do CFA apresentar\u00e1 a palestra no dia 10 de julho, na sede do Conselho Regional de Administra\u00e7\u00e3o do Esp\u00edrito Santo (CRA-ES), e no dia 23 de julho, ele vai para o nordeste apresentar a palestra no Conselho Regional de Administra\u00e7\u00e3o da Para\u00edba (CRA-PB). Os eventos s\u00e3o gratuitos e aberto aos profissionais e estudantes de administra\u00e7\u00e3o, executivos, demais profissionais, professores e p\u00fablico em geral.<\/p>\n<p>&nbsp;<\/p>\n<p><strong><u>Servi\u00e7o<\/u><\/strong><\/p>\n<p><strong><u>\u00a0<\/u><\/strong><\/p>\n<table>\n<tbody>\n<tr>\n<td width=\"566\"><strong>\u00a0<\/strong><\/p>\n<p><strong>Palestra:<\/strong> 12 homens e uma senten\u00e7a &#8211; A gest\u00e3o das organiza\u00e7\u00f5es atrav\u00e9s das artes<\/p>\n<p><strong>Data:<\/strong> 10 de julho de 2018, a partir das 8h30<\/p>\n<p><strong>Local:<\/strong> Audit\u00f3rio do Conselho Regional de Administra\u00e7\u00e3o &#8211; CRA-ES (Rua Aluysio Sim\u00f5es, 172, ao lado do Col\u00e9gio Arist\u00f3bulo Barbosa Le\u00e3o, Bento Ferreira, Vit\u00f3ria &#8211; Espirito Santo)<\/p>\n<p><strong>Inscri\u00e7\u00f5es:<\/strong> <a href=\"https:\/\/credencial.papodeuniversitario.com\/palestra-12-homens-e-1-sentenca-10-07\">CLIQUE AQUI<\/a> Gratuitas, mas solicita-se a doa\u00e7\u00e3o de uma lata de leite em p\u00f3.<\/p>\n<p><strong><u>\u00a0<\/u><\/strong><\/td>\n<\/tr>\n<tr>\n<td width=\"566\"><strong>\u00a0<\/strong><\/p>\n<p><strong>Palestra:<\/strong> 12 homens e uma senten\u00e7a &#8211; A gest\u00e3o das organiza\u00e7\u00f5es atrav\u00e9s das artes<\/p>\n<p><strong>Data:<\/strong> 23 de julho de 2018<\/p>\n<p><strong>Local:<\/strong> Sebrae-PB (Av. Maranh\u00e3o, 983 &#8211; Estados, Jo\u00e3o Pessoa \u2013 PB)<\/p>\n<p><strong>Inscri\u00e7\u00f5es:<\/strong> Gratuitas<\/p>\n<p><strong><u>\u00a0<\/u><\/strong><\/td>\n<\/tr>\n<\/tbody>\n<\/table>\n<p><strong><u>\u00a0<\/u><\/strong><\/p>\n<p><strong><u>\u00a0<\/u><\/strong><\/p>\n<p>&nbsp;<\/p>\n<p>Assessoria de Comunica\u00e7\u00e3o CFA<\/p>\n<button class=\"simplefavorite-button\" data-postid=\"60537\" data-siteid=\"1\" data-groupid=\"1\" data-favoritecount=\"0\" style=\"\">Favorite <i class=\"sf-icon-star-empty\"><\/i><\/button>","protected":false},"excerpt":{"rendered":"<p>Um jovem de origem latina \u00e9 acusado de matar o pr\u00f3prio pai. O juiz respons\u00e1vel pelo caso entrega o destino do rapaz para um j\u00fari formado por 12 pessoas. Reunidos em uma sala, eles precisam decidir, com unanimidade, se o r\u00e9u \u00e9 inocente ou culpado. Entretanto, um dos jurados questiona a falta de provas e<a class=\"read-more\" href=\"https:\/\/crarn.org.br\/?p=60537\"> [&hellip;]<\/a><\/p>\n","protected":false},"author":25,"featured_media":60538,"comment_status":"closed","ping_status":"closed","sticky":false,"template":"","format":"standard","meta":{"_price":"","_stock":"","_tribe_ticket_header":"","_tribe_default_ticket_provider":"","_tribe_ticket_capacity":"0","_ticket_start_date":"","_ticket_end_date":"","_tribe_ticket_show_description":"","_tribe_ticket_show_not_going":false,"_tribe_ticket_use_global_stock":"","_tribe_ticket_global_stock_level":"","_global_stock_mode":"","_global_stock_cap":"","_tribe_rsvp_for_event":"","_tribe_ticket_going_count":"","_tribe_ticket_not_going_count":"","_tribe_tickets_list":"[]","_tribe_ticket_has_attendee_info_fields":false,"footnotes":"","_links_to":"","_links_to_target":""},"categories":[313,309],"tags":[],"class_list":["post-60537","post","type-post","status-publish","format-standard","has-post-thumbnail","hentry","category-ano-2018","category-ultimas-noticias","entry","has-media"],"_links":{"self":[{"href":"https:\/\/crarn.org.br\/index.php?rest_route=\/wp\/v2\/posts\/60537","targetHints":{"allow":["GET"]}}],"collection":[{"href":"https:\/\/crarn.org.br\/index.php?rest_route=\/wp\/v2\/posts"}],"about":[{"href":"https:\/\/crarn.org.br\/index.php?rest_route=\/wp\/v2\/types\/post"}],"author":[{"embeddable":true,"href":"https:\/\/crarn.org.br\/index.php?rest_route=\/wp\/v2\/users\/25"}],"replies":[{"embeddable":true,"href":"https:\/\/crarn.org.br\/index.php?rest_route=%2Fwp%2Fv2%2Fcomments&post=60537"}],"version-history":[{"count":1,"href":"https:\/\/crarn.org.br\/index.php?rest_route=\/wp\/v2\/posts\/60537\/revisions"}],"predecessor-version":[{"id":60539,"href":"https:\/\/crarn.org.br\/index.php?rest_route=\/wp\/v2\/posts\/60537\/revisions\/60539"}],"wp:featuredmedia":[{"embeddable":true,"href":"https:\/\/crarn.org.br\/index.php?rest_route=\/wp\/v2\/media\/60538"}],"wp:attachment":[{"href":"https:\/\/crarn.org.br\/index.php?rest_route=%2Fwp%2Fv2%2Fmedia&parent=60537"}],"wp:term":[{"taxonomy":"category","embeddable":true,"href":"https:\/\/crarn.org.br\/index.php?rest_route=%2Fwp%2Fv2%2Fcategories&post=60537"},{"taxonomy":"post_tag","embeddable":true,"href":"https:\/\/crarn.org.br\/index.php?rest_route=%2Fwp%2Fv2%2Ftags&post=60537"}],"curies":[{"name":"wp","href":"https:\/\/api.w.org\/{rel}","templated":true}]}}