{"id":60519,"date":"2018-06-26T14:47:28","date_gmt":"2018-06-26T17:47:28","guid":{"rendered":"http:\/\/hostgator.cfa.org.br\/cramodelo\/?p=60519"},"modified":"2020-10-08T16:49:00","modified_gmt":"2020-10-08T19:49:00","slug":"alunos-da-universidade-estadual-de-goias-visitam-o-cfa","status":"publish","type":"post","link":"https:\/\/crarn.org.br\/?p=60519","title":{"rendered":"Alunos da Universidade Estadual de Goi\u00e1s visitam o CFA"},"content":{"rendered":"<p>Conhecer as peculiaridades do curso de Administra\u00e7\u00e3o, entender o Sistema CFA\/CRAs, a import\u00e2ncia do registro profissional, o mercado de trabalho e tend\u00eancias da profiss\u00e3o. Assim foi a manh\u00e3 desta ter\u00e7a-feira (26) dos alunos de Administra\u00e7\u00e3o da Universidade Estadual de Goi\u00e1s, UEG, campus Silv\u00e2nia, na sede do Conselho Federal de Administra\u00e7\u00e3o.<\/p>\n<p>Em uma palestra motivadora, o superintendente do CFA, Douglas Evangelista Neto, explicou o funcionamento e atua\u00e7\u00e3o do Douglas tamb\u00e9m falou sobre o que o mercado de trabalho espera do profissional: \u201cO profissional precisa estar preparado, qualificado, agir e n\u00e3o ter medo ou se esconder. \u00c9 preciso arriscar a todo e qualquer momento\u201d.<\/p>\n<p>Ao compartilhar as experi\u00eancias de vida, o superintendente destacou a necessidade de se preparar para determinada responsabilidade.\u00a0 \u201cTem que se atirar na oportunidade, mas \u00e9 necess\u00e1rio se preparar antes. Ser o primeiro, ser o melhor\u201d, refor\u00e7ou o administrador.<\/p>\n<p>Essa \u00e9 a primeira visita dos alunos da Universidade Estadual de Goi\u00e1s a sede da autarquia. A visita faz parte do projeto \u201cA faculdade vai ao CFA\u201d, coordenado pela C\u00e2mara de Rela\u00e7\u00f5es Internacionais e Eventos (CRIE) do CFA, e recebe estudantes o ano todo. A faculdade interessada em agendar visita ao Conselho deve entrar em contato pelo e-mail crie@hostgator.cfa.org.br<\/p>\n<p>Assessoria de comunica\u00e7\u00e3o do CFA.<\/p>\n<p>&nbsp;<\/p>\n<button class=\"simplefavorite-button\" data-postid=\"60519\" data-siteid=\"1\" data-groupid=\"1\" data-favoritecount=\"0\" style=\"\">Favorite <i class=\"sf-icon-star-empty\"><\/i><\/button>","protected":false},"excerpt":{"rendered":"<p>Conhecer as peculiaridades do curso de Administra\u00e7\u00e3o, entender o Sistema CFA\/CRAs, a import\u00e2ncia do registro profissional, o mercado de trabalho e tend\u00eancias da profiss\u00e3o. Assim foi a manh\u00e3 desta ter\u00e7a-feira (26) dos alunos de Administra\u00e7\u00e3o da Universidade Estadual de Goi\u00e1s, UEG, campus Silv\u00e2nia, na sede do Conselho Federal de Administra\u00e7\u00e3o. Em uma palestra motivadora, o<a class=\"read-more\" href=\"https:\/\/crarn.org.br\/?p=60519\"> [&hellip;]<\/a><\/p>\n","protected":false},"author":25,"featured_media":62634,"comment_status":"closed","ping_status":"closed","sticky":false,"template":"","format":"standard","meta":{"_price":"","_stock":"","_tribe_ticket_header":"","_tribe_default_ticket_provider":"","_tribe_ticket_capacity":"0","_ticket_start_date":"","_ticket_end_date":"","_tribe_ticket_show_description":"","_tribe_ticket_show_not_going":false,"_tribe_ticket_use_global_stock":"","_tribe_ticket_global_stock_level":"","_global_stock_mode":"","_global_stock_cap":"","_tribe_rsvp_for_event":"","_tribe_ticket_going_count":"","_tribe_ticket_not_going_count":"","_tribe_tickets_list":"[]","_tribe_ticket_has_attendee_info_fields":false,"footnotes":"","_links_to":"","_links_to_target":""},"categories":[313,310,309],"tags":[],"class_list":["post-60519","post","type-post","status-publish","format-standard","has-post-thumbnail","hentry","category-ano-2018","category-destaque-grande","category-ultimas-noticias","entry","has-media"],"_links":{"self":[{"href":"https:\/\/crarn.org.br\/index.php?rest_route=\/wp\/v2\/posts\/60519","targetHints":{"allow":["GET"]}}],"collection":[{"href":"https:\/\/crarn.org.br\/index.php?rest_route=\/wp\/v2\/posts"}],"about":[{"href":"https:\/\/crarn.org.br\/index.php?rest_route=\/wp\/v2\/types\/post"}],"author":[{"embeddable":true,"href":"https:\/\/crarn.org.br\/index.php?rest_route=\/wp\/v2\/users\/25"}],"replies":[{"embeddable":true,"href":"https:\/\/crarn.org.br\/index.php?rest_route=%2Fwp%2Fv2%2Fcomments&post=60519"}],"version-history":[{"count":2,"href":"https:\/\/crarn.org.br\/index.php?rest_route=\/wp\/v2\/posts\/60519\/revisions"}],"predecessor-version":[{"id":60591,"href":"https:\/\/crarn.org.br\/index.php?rest_route=\/wp\/v2\/posts\/60519\/revisions\/60591"}],"wp:featuredmedia":[{"embeddable":true,"href":"https:\/\/crarn.org.br\/index.php?rest_route=\/wp\/v2\/media\/62634"}],"wp:attachment":[{"href":"https:\/\/crarn.org.br\/index.php?rest_route=%2Fwp%2Fv2%2Fmedia&parent=60519"}],"wp:term":[{"taxonomy":"category","embeddable":true,"href":"https:\/\/crarn.org.br\/index.php?rest_route=%2Fwp%2Fv2%2Fcategories&post=60519"},{"taxonomy":"post_tag","embeddable":true,"href":"https:\/\/crarn.org.br\/index.php?rest_route=%2Fwp%2Fv2%2Ftags&post=60519"}],"curies":[{"name":"wp","href":"https:\/\/api.w.org\/{rel}","templated":true}]}}