{"id":60516,"date":"2018-06-26T14:19:59","date_gmt":"2018-06-26T17:19:59","guid":{"rendered":"http:\/\/hostgator.cfa.org.br\/cramodelo\/?p=60516"},"modified":"2020-11-05T18:17:37","modified_gmt":"2020-11-05T21:17:37","slug":"programa-de-capacitacao-em-mpes-divulga-resultado","status":"publish","type":"post","link":"https:\/\/crarn.org.br\/?p=60516","title":{"rendered":"Programa de Capacita\u00e7\u00e3o em MPEs divulga resultado"},"content":{"rendered":"<p>Na noite desta segunda-feira, 25, foi divulgado no site do CFA o resultado do Programa de Capacita\u00e7\u00e3o e de Forma\u00e7\u00e3o de Multiplicadores de Conhecimento em Micro e Pequenas Empresas (MPEs). A iniciativa do Conselho Federal de Administra\u00e7\u00e3o (CFA) faz parte do Acordo de Coopera\u00e7\u00e3o T\u00e9cnica que a autarquia celebrou com a&nbsp;Secretaria da Micro e Pequena Empresa, vinculada ao Minist\u00e9rio da Ind\u00fastria, Com\u00e9rcio Exterior e Servi\u00e7os. As aulas est\u00e3o previstas para come\u00e7ar em 2 de julho.<\/p>\n<p><strong>Metodologia \u2013<\/strong>&nbsp;O Programa de Capacita\u00e7\u00e3o e de Forma\u00e7\u00e3o de Multiplicadores de Conhecimento em MPEs 2018&nbsp;obteve participa\u00e7\u00e3o record de Administradores inscritos nos CRAs da Bahia, Cear\u00e1, Santa Catarina, Roraima e S\u00e3o Paulo e&nbsp;&nbsp;ser\u00e1 composto de quatro m\u00f3dulos. As aulas ser\u00e3o ministras pela equipe da Funda\u00e7\u00e3o Instituto de Administra\u00e7\u00e3o (FIA) e contemplam encontros presenciais e a dist\u00e2ncia.<\/p>\n<p>No \u00faltimo m\u00f3dulo do curso, os participantes ter\u00e3o viv\u00eancias pr\u00e1ticas em MPEs para apresenta\u00e7\u00e3o do trabalho. A capacita\u00e7\u00e3o visa alavancar a inser\u00e7\u00e3o dos profissionais de administra\u00e7\u00e3o no amplo mercado de trabalho das MPEs, com o objetivo ainda de aprimorar o processo de gest\u00e3o desse importante segmento da economia nacional.<\/p>\n<p><strong>Hist\u00f3rico \u2013<\/strong>&nbsp;O Programa de Capacita\u00e7\u00e3o e de Forma\u00e7\u00e3o de Multiplicadores de Conhecimento em MPEs foi criado em 2015 ap\u00f3s o acordo de coopera\u00e7\u00e3o t\u00e9cnica que o CFA celebrou com a SMPE-PR.&nbsp; A proposta da iniciativa \u00e9 preparar Administradores para atuarem como consultores em micro e pequenas empresas, disseminando conhecimentos e boas pr\u00e1ticas de gest\u00e3o.<\/p>\n<p>J\u00e1 foram capacitados Administradores dos Conselhos Regionais de Alagoas, Maranh\u00e3o, Par\u00e1, Piau\u00ed, Rio de Janeiro, Distrito Federal, Goi\u00e1s, Mato Grosso, Mato Grosso do Sul e Sergipe.&nbsp;Os Administradores capacitados nas primeiras duas turmas do curso&nbsp;est\u00e3o aptos para atuarem no segmento que atualmente, mais gera emprego e renda para o pa\u00eds.&nbsp;Est\u00e3o sendo programadas as solenidades de entrega dos certificados para a segunda turma do curso, realizado em 2017.<\/p>\n<p>Os profissionais que participam da Capacita\u00e7\u00e3o s\u00e3o habilitados com metodologias que permitem realizar diagn\u00f3sticos, identificar problemas e encaminhar solu\u00e7\u00f5es em MPEs. A expectativa \u00e9 expandir o projeto para outros CRAs e, assim, beneficiar Administradores dos demais Estados, al\u00e9m de contribuir com o Poder P\u00fablico mediante a multiplica\u00e7\u00e3o de conhecimentos em MPEs.<\/p>\n<p>Confira os resultados dos regionais:&nbsp;<a href=\"http:\/\/hostgator.cfa.org.br\/cramodelo\/home\/2018\/programa-mpes\/\" target=\"_blank\" rel=\"noopener noreferrer\" data-saferedirecturl=\"https:\/\/www.google.com\/url?hl=pt-BR&amp;q=http:\/\/hostgator.cfa.org.br\/cramodelo\/home\/2018\/programa-mpes\/&amp;source=gmail&amp;ust=1530195379297000&amp;usg=AFQjCNFycW3MpVcfGcuz3bUYXqiL7ICywA\">http:\/\/hostgator.cfa.org.br\/cramodelo\/<wbr>home\/2018\/programa-mpes\/<\/a><\/p>\n<button class=\"simplefavorite-button\" data-postid=\"60516\" data-siteid=\"1\" data-groupid=\"1\" data-favoritecount=\"0\" style=\"\">Favorite <i class=\"sf-icon-star-empty\"><\/i><\/button>","protected":false},"excerpt":{"rendered":"<p>Na noite desta segunda-feira, 25, foi divulgado no site do CFA o resultado do Programa de Capacita\u00e7\u00e3o e de Forma\u00e7\u00e3o de Multiplicadores de Conhecimento em Micro e Pequenas Empresas (MPEs). A iniciativa do Conselho Federal de Administra\u00e7\u00e3o (CFA) faz parte do Acordo de Coopera\u00e7\u00e3o T\u00e9cnica que a autarquia celebrou com a&nbsp;Secretaria da Micro e Pequena<a class=\"read-more\" href=\"https:\/\/crarn.org.br\/?p=60516\"> [&hellip;]<\/a><\/p>\n","protected":false},"author":25,"featured_media":60517,"comment_status":"closed","ping_status":"closed","sticky":false,"template":"","format":"standard","meta":{"_price":"","_stock":"","_tribe_ticket_header":"","_tribe_default_ticket_provider":"","_tribe_ticket_capacity":"0","_ticket_start_date":"","_ticket_end_date":"","_tribe_ticket_show_description":"","_tribe_ticket_show_not_going":false,"_tribe_ticket_use_global_stock":"","_tribe_ticket_global_stock_level":"","_global_stock_mode":"","_global_stock_cap":"","_tribe_rsvp_for_event":"","_tribe_ticket_going_count":"","_tribe_ticket_not_going_count":"","_tribe_tickets_list":"[]","_tribe_ticket_has_attendee_info_fields":false,"footnotes":"","_links_to":"","_links_to_target":""},"categories":[310,532],"tags":[],"class_list":["post-60516","post","type-post","status-publish","format-standard","has-post-thumbnail","hentry","category-destaque-grande","category-palavra-do-presidente","entry","has-media"],"_links":{"self":[{"href":"https:\/\/crarn.org.br\/index.php?rest_route=\/wp\/v2\/posts\/60516","targetHints":{"allow":["GET"]}}],"collection":[{"href":"https:\/\/crarn.org.br\/index.php?rest_route=\/wp\/v2\/posts"}],"about":[{"href":"https:\/\/crarn.org.br\/index.php?rest_route=\/wp\/v2\/types\/post"}],"author":[{"embeddable":true,"href":"https:\/\/crarn.org.br\/index.php?rest_route=\/wp\/v2\/users\/25"}],"replies":[{"embeddable":true,"href":"https:\/\/crarn.org.br\/index.php?rest_route=%2Fwp%2Fv2%2Fcomments&post=60516"}],"version-history":[{"count":5,"href":"https:\/\/crarn.org.br\/index.php?rest_route=\/wp\/v2\/posts\/60516\/revisions"}],"predecessor-version":[{"id":62916,"href":"https:\/\/crarn.org.br\/index.php?rest_route=\/wp\/v2\/posts\/60516\/revisions\/62916"}],"wp:featuredmedia":[{"embeddable":true,"href":"https:\/\/crarn.org.br\/index.php?rest_route=\/wp\/v2\/media\/60517"}],"wp:attachment":[{"href":"https:\/\/crarn.org.br\/index.php?rest_route=%2Fwp%2Fv2%2Fmedia&parent=60516"}],"wp:term":[{"taxonomy":"category","embeddable":true,"href":"https:\/\/crarn.org.br\/index.php?rest_route=%2Fwp%2Fv2%2Fcategories&post=60516"},{"taxonomy":"post_tag","embeddable":true,"href":"https:\/\/crarn.org.br\/index.php?rest_route=%2Fwp%2Fv2%2Ftags&post=60516"}],"curies":[{"name":"wp","href":"https:\/\/api.w.org\/{rel}","templated":true}]}}