{"id":60451,"date":"2018-06-21T15:02:01","date_gmt":"2018-06-21T18:02:01","guid":{"rendered":"http:\/\/hostgator.cfa.org.br\/cramodelo\/?p=60451"},"modified":"2018-06-21T16:03:26","modified_gmt":"2018-06-21T19:03:26","slug":"cfa-e-cra-am-realizam-entrega-do-premio-guerreiro-ramos-de-gestao-publica","status":"publish","type":"post","link":"https:\/\/crarn.org.br\/?p=60451","title":{"rendered":"CFA e CRA-AM realizam entrega do pr\u00eamio Guerreiro Ramos de Gest\u00e3o P\u00fablica"},"content":{"rendered":"<p>O Conselho Federal de Administra\u00e7\u00e3o (CFA) e o Conselho Regional de Administra\u00e7\u00e3o do Amazonas (CRA-AM) realizaram, na noite de 20 de junho,\u00a0a solenidade de entrega do Pr\u00eamio Guerreiro Ramos de Gest\u00e3o P\u00fablica 2017. O evento aconteceu no audit\u00f3rio do CRA-AM.<\/p>\n<p>O presidente do CRA-AM, In\u00e1cio Guedes Borges, deu in\u00edcio \u00e0 solenidade parabenizando o CFA pelo seu compromisso em incentivar a produ\u00e7\u00e3o acad\u00eamica na \u00e1rea da Gest\u00e3o P\u00fablica\u00a0\u00a0e premiar projetos que contribuam para o desenvolvimento de uma gest\u00e3o mais eficaz. In\u00e1cio destacou tamb\u00e9m a import\u00e2ncia social do estudo de caso vencedor na modalidade \u201cInova\u00e7\u00e3o na Administra\u00e7\u00e3o P\u00fablica\u201d\u00a0\u00a0sobre os programas de inclus\u00e3o socioeducacional\u00a0\u00a0da\u00a0\u00a0Escola de Servi\u00e7o P\u00fablico Municipal e Inclus\u00e3o Socioeducacional\u00a0\u00a0da Prefeitura de Manaus: \u201cSomente com profissionais mais qualificados o\u00a0\u00a0poder p\u00fablico oferecer\u00e1 a popula\u00e7\u00e3o servi\u00e7os de qualidade.\u201d<\/p>\n<p>Em seguida, o presidente do CFA, Wagner Siqueira, discorreu sobre a trajet\u00f3ria do patrono do pr\u00eamio, o soci\u00f3logo Guerreiro Ramos, que foi professor da Escola Brasileira de Administra\u00e7\u00e3o P\u00fablica (EBAP) e autor de uma vasta biografia sobre a Teoria da Administra\u00e7\u00e3o. Na oportunidade, ele tamb\u00e9m parabenizou a prefeitura de Manaus pelo trabalho socioeducacional de seus funcion\u00e1rios e tamb\u00e9m da sociedade em geral, por meio de projetos de inclus\u00e3o na \u00e1rea de educa\u00e7\u00e3o.<\/p>\n<p>O prefeito de Manaus, Arthur Virg\u00edlio Neto, participou da cerim\u00f4nia e agradeceu o desempenho da equipe de profissionais da ESPI, coordenada pela administradora Luiza Maria Bessa Rebelo, autora do case vencedor do Pr\u00eamio Guerreiro Ramos.\u00a0\u00a0Arthur tamb\u00e9m falou um pouco sobre o sucesso dos Programas Bolsa Idiomas, Bolsa Universidade e Bolsa P\u00f3s-gradua\u00e7\u00e3o que atende servidores da prefeitura a popula\u00e7\u00e3o em geral: \u201c\u00c9 com muito orgulho que recebemos esse pr\u00eamio e vemos a import\u00e2ncia de dar continuidade a esses projetos\u201d, finalizou.<\/p>\n<p>A administradora Luiza Maria Bessa Rebelo recebeu das m\u00e3os do Prefeito Artur Neto o trof\u00e9u Guerreiro Ramos de Gest\u00e3o P\u00fablica na modalidade \u201cInova\u00e7\u00e3o na Administra\u00e7\u00e3o P\u00fablica\u201d e falou sobre a emo\u00e7\u00e3o de vencer um pr\u00eamio nacional com um Estudo de Caso de programas socioeducacionais de sucesso, implementados pela Prefeitura de Manaus: \u201cAgrade\u00e7o a equipe da Escola de Servi\u00e7o P\u00fablico Municipal e Inclus\u00e3o Socioeducacional\u00a0\u00a0da Prefeitura de Manaus e ao Prefeito Arthur Neto pela oportunidade de implementar programas t\u00e3o importantes para a capacita\u00e7\u00e3o profissional do manauara. \u00c9 gratificante contribuir com o aperfei\u00e7oamento profissional das pessoas e oferecer uma m\u00e3o de obra mais qualificada para a sociedade manauara. \u201c<\/p>\n<p>Tamb\u00e9m foram premiados os coautores do Case Andreia Brasil Santos e o administardor. Manoel Carlos de Oliveira J\u00fanior que receberam o Trof\u00e9u das m\u00e3os do presidente do CFA, Wagner Siqueira.<\/p>\n<p>Ao final da solenidade, In\u00e1cio Guedes parabenizou os autores pela conquista do Pr\u00eamio e a Prefeitura de Manaus por desenvolver projetos de capacita\u00e7\u00e3o profissional para a popula\u00e7\u00e3o manauara. Na oportunidade, o presidente fez uma homenagem a coach Samara Ribeiro, pela parceria no Projeto CRA Itinerante, que levou palestras para 10 munic\u00edpios do interior do Estado do Amazonas, refor\u00e7ando o compromisso do Sistema CFA\/CRAS no desenvolvimento do Administrador.<\/p>\n<p><img fetchpriority=\"high\" decoding=\"async\" class=\"alignnone size-medium wp-image-60454\" src=\"http:\/\/hostgator.cfa.org.br\/cramodelo\/wp-content\/uploads\/2018\/06\/20180620_212631-300x169.jpg\" alt=\"\" width=\"300\" height=\"169\" srcset=\"https:\/\/crarn.org.br\/wp-content\/uploads\/2018\/06\/20180620_212631-300x169.jpg 300w, https:\/\/crarn.org.br\/wp-content\/uploads\/2018\/06\/20180620_212631-768x432.jpg 768w, https:\/\/crarn.org.br\/wp-content\/uploads\/2018\/06\/20180620_212631-1024x576.jpg 1024w, https:\/\/crarn.org.br\/wp-content\/uploads\/2018\/06\/20180620_212631-500x281.jpg 500w, https:\/\/crarn.org.br\/wp-content\/uploads\/2018\/06\/20180620_212631-200x113.jpg 200w, https:\/\/crarn.org.br\/wp-content\/uploads\/2018\/06\/20180620_212631-400x225.jpg 400w, https:\/\/crarn.org.br\/wp-content\/uploads\/2018\/06\/20180620_212631-600x338.jpg 600w, https:\/\/crarn.org.br\/wp-content\/uploads\/2018\/06\/20180620_212631-800x450.jpg 800w, https:\/\/crarn.org.br\/wp-content\/uploads\/2018\/06\/20180620_212631-1200x675.jpg 1200w\" sizes=\"(max-width: 300px) 100vw, 300px\" \/><\/p>\n<p>Fonte: CRA-AM<\/p>\n<button class=\"simplefavorite-button\" data-postid=\"60451\" data-siteid=\"1\" data-groupid=\"1\" data-favoritecount=\"0\" style=\"\">Favorite <i class=\"sf-icon-star-empty\"><\/i><\/button>","protected":false},"excerpt":{"rendered":"<p>O Conselho Federal de Administra\u00e7\u00e3o (CFA) e o Conselho Regional de Administra\u00e7\u00e3o do Amazonas (CRA-AM) realizaram, na noite de 20 de junho,\u00a0a solenidade de entrega do Pr\u00eamio Guerreiro Ramos de Gest\u00e3o P\u00fablica 2017. O evento aconteceu no audit\u00f3rio do CRA-AM. O presidente do CRA-AM, In\u00e1cio Guedes Borges, deu in\u00edcio \u00e0 solenidade parabenizando o CFA pelo<a class=\"read-more\" href=\"https:\/\/crarn.org.br\/?p=60451\"> [&hellip;]<\/a><\/p>\n","protected":false},"author":25,"featured_media":60452,"comment_status":"closed","ping_status":"closed","sticky":false,"template":"","format":"standard","meta":{"_price":"","_stock":"","_tribe_ticket_header":"","_tribe_default_ticket_provider":"","_tribe_ticket_capacity":"0","_ticket_start_date":"","_ticket_end_date":"","_tribe_ticket_show_description":"","_tribe_ticket_show_not_going":false,"_tribe_ticket_use_global_stock":"","_tribe_ticket_global_stock_level":"","_global_stock_mode":"","_global_stock_cap":"","_tribe_rsvp_for_event":"","_tribe_ticket_going_count":"","_tribe_ticket_not_going_count":"","_tribe_tickets_list":"[]","_tribe_ticket_has_attendee_info_fields":false,"footnotes":"","_links_to":"","_links_to_target":""},"categories":[313,309],"tags":[],"class_list":["post-60451","post","type-post","status-publish","format-standard","has-post-thumbnail","hentry","category-ano-2018","category-ultimas-noticias","entry","has-media"],"_links":{"self":[{"href":"https:\/\/crarn.org.br\/index.php?rest_route=\/wp\/v2\/posts\/60451","targetHints":{"allow":["GET"]}}],"collection":[{"href":"https:\/\/crarn.org.br\/index.php?rest_route=\/wp\/v2\/posts"}],"about":[{"href":"https:\/\/crarn.org.br\/index.php?rest_route=\/wp\/v2\/types\/post"}],"author":[{"embeddable":true,"href":"https:\/\/crarn.org.br\/index.php?rest_route=\/wp\/v2\/users\/25"}],"replies":[{"embeddable":true,"href":"https:\/\/crarn.org.br\/index.php?rest_route=%2Fwp%2Fv2%2Fcomments&post=60451"}],"version-history":[{"count":3,"href":"https:\/\/crarn.org.br\/index.php?rest_route=\/wp\/v2\/posts\/60451\/revisions"}],"predecessor-version":[{"id":60456,"href":"https:\/\/crarn.org.br\/index.php?rest_route=\/wp\/v2\/posts\/60451\/revisions\/60456"}],"wp:featuredmedia":[{"embeddable":true,"href":"https:\/\/crarn.org.br\/index.php?rest_route=\/wp\/v2\/media\/60452"}],"wp:attachment":[{"href":"https:\/\/crarn.org.br\/index.php?rest_route=%2Fwp%2Fv2%2Fmedia&parent=60451"}],"wp:term":[{"taxonomy":"category","embeddable":true,"href":"https:\/\/crarn.org.br\/index.php?rest_route=%2Fwp%2Fv2%2Fcategories&post=60451"},{"taxonomy":"post_tag","embeddable":true,"href":"https:\/\/crarn.org.br\/index.php?rest_route=%2Fwp%2Fv2%2Ftags&post=60451"}],"curies":[{"name":"wp","href":"https:\/\/api.w.org\/{rel}","templated":true}]}}