{"id":60424,"date":"2018-06-19T15:57:28","date_gmt":"2018-06-19T18:57:28","guid":{"rendered":"http:\/\/hostgator.cfa.org.br\/cramodelo\/?p=60424"},"modified":"2019-01-14T16:41:24","modified_gmt":"2019-01-14T18:41:24","slug":"o-dia-jornal-publica-artigo-do-presidente-do-cfa","status":"publish","type":"post","link":"https:\/\/crarn.org.br\/?p=60424","title":{"rendered":"O Dia: jornal publica artigo do presidente do CFA"},"content":{"rendered":"<p>Nesta ter\u00e7a-feira, 19 de junho, o jornal O Dia, do Rio de Janeiro, publicou o artigo \u201cGest\u00e3o: Pol\u00edtica, Poder e Lideran\u00e7a\u201d. De autoria do presidente do Conselho Federal de Administra\u00e7\u00e3o (CFA), Wagner Siqueira, o texto traz uma reflex\u00e3o sobre democracia e gest\u00e3o p\u00fablica.<\/p>\n<p>O assunto foi o centro dos debates no F\u00f3rum CFA de Gest\u00e3o p\u00fablica, evento promovido pela autarquia no in\u00edcio de junho. Segundo o autor, o estado tem uma estrutura esmagadora quando, na verdade, deveria ser \u201cser instrumento para repercuss\u00e3o dos desejos das atividades econ\u00f4micas em prol do bem comum e do cidad\u00e3o.\u201d.<\/p>\n<p>No artigo, ele tamb\u00e9m faz cr\u00edticas ao sistema burocr\u00e1tico que permeia os processos no Brasil e fala sobre lideran\u00e7a. Os brasileiros, segundo Wagner, est\u00e3o atr\u00e1s de um l\u00edder estilo \u201cSass\u00e1 Mutema\u201d ou um \u201cca\u00e7ador de maraj\u00e1s\u201d e, por isso, correm o risco de acabar elegendo uma pessoa sem o perfil adequado para liderar o pa\u00eds.<\/p>\n<p>Confira o artigo na \u00edntegra na vers\u00e3o on line do jornal O Dia. <a href=\"https:\/\/odia.ig.com.br\/opiniao\/2018\/06\/5550182-wagner-siqueira-gestao-politica-poder-e-lideranca.html\">Clique<\/a> aqui e confira.<\/p>\n<p><img fetchpriority=\"high\" decoding=\"async\" class=\"alignnone size-medium wp-image-60425\" src=\"http:\/\/hostgator.cfa.org.br\/cramodelo\/wp-content\/uploads\/2018\/06\/Artigo_impresso_Gestao_Politica_Poder_Lideranca-274x300.png\" alt=\"\" width=\"274\" height=\"300\" \/><\/p>\n<p>Assessoria de Comunica\u00e7\u00e3o CFA<\/p>\n<button class=\"simplefavorite-button\" data-postid=\"60424\" data-siteid=\"1\" data-groupid=\"1\" data-favoritecount=\"0\" style=\"\">Favorite <i class=\"sf-icon-star-empty\"><\/i><\/button>","protected":false},"excerpt":{"rendered":"<p>Nesta ter\u00e7a-feira, 19 de junho, o jornal O Dia, do Rio de Janeiro, publicou o artigo \u201cGest\u00e3o: Pol\u00edtica, Poder e Lideran\u00e7a\u201d. De autoria do presidente do Conselho Federal de Administra\u00e7\u00e3o (CFA), Wagner Siqueira, o texto traz uma reflex\u00e3o sobre democracia e gest\u00e3o p\u00fablica. O assunto foi o centro dos debates no F\u00f3rum CFA de Gest\u00e3o<a class=\"read-more\" href=\"https:\/\/crarn.org.br\/?p=60424\"> [&hellip;]<\/a><\/p>\n","protected":false},"author":25,"featured_media":60428,"comment_status":"closed","ping_status":"closed","sticky":false,"template":"","format":"standard","meta":{"_price":"","_stock":"","_tribe_ticket_header":"","_tribe_default_ticket_provider":"","_tribe_ticket_capacity":"0","_ticket_start_date":"","_ticket_end_date":"","_tribe_ticket_show_description":"","_tribe_ticket_show_not_going":false,"_tribe_ticket_use_global_stock":"","_tribe_ticket_global_stock_level":"","_global_stock_mode":"","_global_stock_cap":"","_tribe_rsvp_for_event":"","_tribe_ticket_going_count":"","_tribe_ticket_not_going_count":"","_tribe_tickets_list":"[]","_tribe_ticket_has_attendee_info_fields":false,"footnotes":"","_links_to":"","_links_to_target":""},"categories":[1],"tags":[],"class_list":["post-60424","post","type-post","status-publish","format-standard","has-post-thumbnail","hentry","category-sem-categoria","entry","has-media"],"_links":{"self":[{"href":"https:\/\/crarn.org.br\/index.php?rest_route=\/wp\/v2\/posts\/60424","targetHints":{"allow":["GET"]}}],"collection":[{"href":"https:\/\/crarn.org.br\/index.php?rest_route=\/wp\/v2\/posts"}],"about":[{"href":"https:\/\/crarn.org.br\/index.php?rest_route=\/wp\/v2\/types\/post"}],"author":[{"embeddable":true,"href":"https:\/\/crarn.org.br\/index.php?rest_route=\/wp\/v2\/users\/25"}],"replies":[{"embeddable":true,"href":"https:\/\/crarn.org.br\/index.php?rest_route=%2Fwp%2Fv2%2Fcomments&post=60424"}],"version-history":[{"count":1,"href":"https:\/\/crarn.org.br\/index.php?rest_route=\/wp\/v2\/posts\/60424\/revisions"}],"predecessor-version":[{"id":60427,"href":"https:\/\/crarn.org.br\/index.php?rest_route=\/wp\/v2\/posts\/60424\/revisions\/60427"}],"wp:featuredmedia":[{"embeddable":true,"href":"https:\/\/crarn.org.br\/index.php?rest_route=\/wp\/v2\/media\/60428"}],"wp:attachment":[{"href":"https:\/\/crarn.org.br\/index.php?rest_route=%2Fwp%2Fv2%2Fmedia&parent=60424"}],"wp:term":[{"taxonomy":"category","embeddable":true,"href":"https:\/\/crarn.org.br\/index.php?rest_route=%2Fwp%2Fv2%2Fcategories&post=60424"},{"taxonomy":"post_tag","embeddable":true,"href":"https:\/\/crarn.org.br\/index.php?rest_route=%2Fwp%2Fv2%2Ftags&post=60424"}],"curies":[{"name":"wp","href":"https:\/\/api.w.org\/{rel}","templated":true}]}}