{"id":60269,"date":"2018-06-08T15:13:29","date_gmt":"2018-06-08T18:13:29","guid":{"rendered":"http:\/\/hostgator.cfa.org.br\/cramodelo\/?p=60269"},"modified":"2018-06-08T15:13:29","modified_gmt":"2018-06-08T18:13:29","slug":"forum-cfa-de-gestao-publica-termina-com-saldo-positivo","status":"publish","type":"post","link":"https:\/\/crarn.org.br\/?p=60269","title":{"rendered":"F\u00f3rum CFA de Gest\u00e3o P\u00fablica termina com saldo positivo"},"content":{"rendered":"<p>O F\u00f3rum CFA de Gest\u00e3o P\u00fablica terminou no in\u00edcio da tarde desta sexta-feira, 8 de junho. O evento promovido pelo Conselho Federal de Administra\u00e7\u00e3o (CFA) reuniu mais de 800 participantes. Durante tr\u00eas dias, 21 palestrantes discutiram e compartilharam muitos conhecimentos ligados \u00e0 gest\u00e3o p\u00fablica.<\/p>\n<p>Na cerim\u00f4nia de encerramento, o diretor de Gest\u00e3o P\u00fablica do CFA, Ant\u00f4nio Jos\u00e9 Leite de Albuquerque, mostrou-se entusiasmado com o F\u00f3rum. Ele lembrou que foram meses de muito trabalho para realizar o evento. &#8220;N\u00e3o vamos parar, o que aconteceu aqui vai gerar resultados formais e projetos&#8221;, disse.<\/p>\n<p>O evento, segundo o presidente do CFA, Wagner Siqueira, vai gerar a &#8220;Carta de Bras\u00edlia&#8221;. A ideia \u00e9 reunir em um \u00fanico documento as ideias que foram geradas no F\u00f3rum CFA de Gest\u00e3o P\u00fablica. &#8220;O servi\u00e7o continua. N\u00e3o podemos deixar essas ideias morrerem, temos que fecundar as mentes de outras pessoas com essas ideias. Por isso, vamos traduzir esse conhecimento em um documento para incitar os agentes a mudarem. Mas, antes disso, antes de estimular a mudan\u00e7a nos outros, precisamos mudar a n\u00f3s mesmos&#8221;, afirmou Wagner Siqueira.<\/p>\n<p>O F\u00f3rum CFA de Gest\u00e3o P\u00fablica \u00e9 uma realiza\u00e7\u00e3o do Conselho Federal de Administra\u00e7\u00e3o (CFA). O evento aconteceu em Bras\u00edlia, de 6 a 8 de junho, e reuniu especialistas renomados para discutir temas ligados \u00e0 gest\u00e3o p\u00fablica. O F\u00f3rum foi transmitido, ao vivo, pelo CFAPlay. Se voc\u00ea perdeu algum detalhe do evento, acesse <a href=\"..\/..\/..\/..\/..\/..\/..\/..\/..\/..\/..\/..\/..\/..\/..\/Downloads\/www.cfaplay.org.br\">www.cfaplay.org.br<\/a> e <a href=\"..\/..\/..\/..\/..\/..\/..\/..\/..\/..\/..\/..\/..\/..\/..\/Downloads\/www.facebook.com\/cfaadm\">www.facebook.com\/cfaadm<\/a>, pois todo o conte\u00fado do F\u00f3rum estar\u00e1 dispon\u00edvel, em breve, para futuras visualiza\u00e7\u00f5es.<\/p>\n<p>&nbsp;<\/p>\n<p>Assessoria de Comunica\u00e7\u00e3o CFA<\/p>\n<button class=\"simplefavorite-button\" data-postid=\"60269\" data-siteid=\"1\" data-groupid=\"1\" data-favoritecount=\"0\" style=\"\">Favorite <i class=\"sf-icon-star-empty\"><\/i><\/button>","protected":false},"excerpt":{"rendered":"<p>O F\u00f3rum CFA de Gest\u00e3o P\u00fablica terminou no in\u00edcio da tarde desta sexta-feira, 8 de junho. O evento promovido pelo Conselho Federal de Administra\u00e7\u00e3o (CFA) reuniu mais de 800 participantes. Durante tr\u00eas dias, 21 palestrantes discutiram e compartilharam muitos conhecimentos ligados \u00e0 gest\u00e3o p\u00fablica. Na cerim\u00f4nia de encerramento, o diretor de Gest\u00e3o P\u00fablica do CFA,<a class=\"read-more\" href=\"https:\/\/crarn.org.br\/?p=60269\"> [&hellip;]<\/a><\/p>\n","protected":false},"author":25,"featured_media":60270,"comment_status":"closed","ping_status":"closed","sticky":false,"template":"","format":"standard","meta":{"_price":"","_stock":"","_tribe_ticket_header":"","_tribe_default_ticket_provider":"","_tribe_ticket_capacity":"0","_ticket_start_date":"","_ticket_end_date":"","_tribe_ticket_show_description":"","_tribe_ticket_show_not_going":false,"_tribe_ticket_use_global_stock":"","_tribe_ticket_global_stock_level":"","_global_stock_mode":"","_global_stock_cap":"","_tribe_rsvp_for_event":"","_tribe_ticket_going_count":"","_tribe_ticket_not_going_count":"","_tribe_tickets_list":"[]","_tribe_ticket_has_attendee_info_fields":false,"footnotes":"","_links_to":"","_links_to_target":""},"categories":[313,309],"tags":[],"class_list":["post-60269","post","type-post","status-publish","format-standard","has-post-thumbnail","hentry","category-ano-2018","category-ultimas-noticias","entry","has-media"],"_links":{"self":[{"href":"https:\/\/crarn.org.br\/index.php?rest_route=\/wp\/v2\/posts\/60269","targetHints":{"allow":["GET"]}}],"collection":[{"href":"https:\/\/crarn.org.br\/index.php?rest_route=\/wp\/v2\/posts"}],"about":[{"href":"https:\/\/crarn.org.br\/index.php?rest_route=\/wp\/v2\/types\/post"}],"author":[{"embeddable":true,"href":"https:\/\/crarn.org.br\/index.php?rest_route=\/wp\/v2\/users\/25"}],"replies":[{"embeddable":true,"href":"https:\/\/crarn.org.br\/index.php?rest_route=%2Fwp%2Fv2%2Fcomments&post=60269"}],"version-history":[{"count":1,"href":"https:\/\/crarn.org.br\/index.php?rest_route=\/wp\/v2\/posts\/60269\/revisions"}],"predecessor-version":[{"id":60271,"href":"https:\/\/crarn.org.br\/index.php?rest_route=\/wp\/v2\/posts\/60269\/revisions\/60271"}],"wp:featuredmedia":[{"embeddable":true,"href":"https:\/\/crarn.org.br\/index.php?rest_route=\/wp\/v2\/media\/60270"}],"wp:attachment":[{"href":"https:\/\/crarn.org.br\/index.php?rest_route=%2Fwp%2Fv2%2Fmedia&parent=60269"}],"wp:term":[{"taxonomy":"category","embeddable":true,"href":"https:\/\/crarn.org.br\/index.php?rest_route=%2Fwp%2Fv2%2Fcategories&post=60269"},{"taxonomy":"post_tag","embeddable":true,"href":"https:\/\/crarn.org.br\/index.php?rest_route=%2Fwp%2Fv2%2Ftags&post=60269"}],"curies":[{"name":"wp","href":"https:\/\/api.w.org\/{rel}","templated":true}]}}