{"id":60266,"date":"2018-06-08T14:23:17","date_gmt":"2018-06-08T17:23:17","guid":{"rendered":"http:\/\/hostgator.cfa.org.br\/cramodelo\/?p=60266"},"modified":"2019-01-14T16:45:24","modified_gmt":"2019-01-14T18:45:24","slug":"as-cobrancas-da-cidadania-paradigmas-para-um-novo-governo","status":"publish","type":"post","link":"https:\/\/crarn.org.br\/?p=60266","title":{"rendered":"As cobran\u00e7as da cidadania: paradigmas para um novo governo"},"content":{"rendered":"<p class=\"western\"><span style=\"font-family: Arial, sans-serif;\"><span style=\"font-size: medium;\">Qual o futuro do Brasil? E quais os desafios que os novos eleitos em 2018 ter\u00e3o que assumir para tirar o pa\u00eds da crise na qual vive atualmente? Esses foram alguns dos questionamentos que encerraram o F\u00f3rum CFA de Gest\u00e3o P\u00fablica. O evento terminou nesta sexta-feira, 8 de junho, com a palestra &#8220;As cobran\u00e7as da cidadania: paradigmas para um novo governo&#8221; apresentada pelo economista Claudio Porto. A palestra foi presidida pelo coordenador tem\u00e1tico do Fogesp, Luiz Augusto da Costa Leite.<\/span><\/span><\/p>\n<p class=\"western\"><span style=\"font-family: Arial, sans-serif;\"><span style=\"font-size: medium;\">O Brasil tem vivido s\u00e9rios problemas, mas Porto come\u00e7a falando dos ativos que o pa\u00eds tem, como recursos naturais, por exemplo. Entretanto, h\u00e1 muitos passivos que precisam ser repensados e estudados, pois comprometem a competitividade e o crescimento da na\u00e7\u00e3o.<\/span><\/span><\/p>\n<p class=\"western\"><span style=\"font-family: Arial, sans-serif;\"><span style=\"font-size: medium;\">Falando de crescimento em perspectiva a longo prazo, Porto fez um levantamento hist\u00f3rico do avan\u00e7o econ\u00f4mico do Brasil. Entre 1930 e 1980, o pa\u00eds viveu um crescimento acima da m\u00e9dia hist\u00f3rica. Mas, a partir da d\u00e9cada de 1980, a economia brasileira deteriorou consideravelmente. &#8220;Se continuarmos assim, somente daqui a 100 anos o Brasil poder\u00e1 ter chances de viver uma economia semelhante ao que vive Portugal hoje&#8221;, alertou o palestrante.<\/span><\/span><\/p>\n<p class=\"western\"><span style=\"font-family: Arial, sans-serif;\"><span style=\"font-size: medium;\">Claudio explicou que, para mudar esse cen\u00e1rio, \u00e9 preciso investir em reformas. Elas e a reinven\u00e7\u00e3o do estado brasileiro s\u00e3o condi\u00e7\u00f5es necess\u00e1rias para o Brasil voltar a ter chances de trilhar uma rota de crescimento e prosperidade sustent\u00e1vel, a m\u00e9dio e longo prazo. <\/span><\/span><\/p>\n<p class=\"western\"><span style=\"font-family: Arial, sans-serif;\"><span style=\"font-size: medium;\">Entre as principais causas do esgotamento do Estado brasileiro est\u00e1 o &#8220;contrato social&#8221;, previsto na Constitui\u00e7\u00e3o de 1988 que, embora generoso, torna-se insustent\u00e1vel. &#8220;Toda vez que se tem um problema, recorre-se ao estado. Este, por sua vez, para atender \u00e0 necessidade, por n\u00e3o ter recurso, aperta mais no bolso do brasileiro. A conta n\u00e3o fecha mais. Isso vai gerar ou um calote, ou uma infla\u00e7\u00e3o, o que prejudicar\u00e1 ainda mais os pobres&#8221;, explicou Claudio.<\/span><\/span><\/p>\n<p class=\"western\"><span style=\"font-family: Arial, sans-serif;\"><span style=\"font-size: medium;\">A m\u00e1quina p\u00fablica \u00e9 outro entrave ao crescimento do pa\u00eds. O n\u00famero de servidores p\u00fablicos \u00e9 alto e os sal\u00e1rios oferecidos s\u00e3o exorbitantes em alguns poderes. &#8220;Brasil \u00e9 fabricante de desigualdade e privil\u00e9gios; isso precisa acabar&#8221;, defendeu. Al\u00e9m disso, h\u00e1 o problema da corrup\u00e7\u00e3o.<\/span><\/span><\/p>\n<p class=\"western\"><span style=\"font-family: Arial, sans-serif;\"><span style=\"font-size: medium;\">Para solucionar esses problemas, Claudio fala de uma agenda para a retomada do crescimento. Essa agenda inclui redefini\u00e7\u00e3o de pap\u00e9is e institui\u00e7\u00f5es estatais, repensar o pacto federativo, rever a quest\u00e3o do financiamento com simplifica\u00e7\u00e3o tribut\u00e1ria e limita\u00e7\u00e3o para a expans\u00e3o do gasto p\u00fablico, al\u00e9m da organiza\u00e7\u00e3o e gest\u00e3o das pol\u00edticas e dos servi\u00e7os p\u00fablicos.<\/span><\/span><\/p>\n<p class=\"western\"><span style=\"font-family: Arial, sans-serif;\"><span style=\"font-size: medium;\">Entretanto, entre as reformas que se fazem mais urgentes apontadas pelo palestrante \u00e9 a reforma previdenci\u00e1ria. De acordo com ele, se ela n\u00e3o voltar a ser discutida, o Brasil vai quebrar \u2013 situa\u00e7\u00e3o bem semelhante ao que aconteceu na Gr\u00e9cia. &#8220;A gente precisa focar nisso, o pa\u00eds precisa avan\u00e7ar. Se n\u00e3o, vai entrar em colapso e vamos viver, diariamente, v\u00e1rias greves semelhantes a dos caminhoneiros&#8221;, concluiu.<\/span><\/span><\/p>\n<p class=\"western\">Assessoria de Comunica\u00e7\u00e3o CFA<\/p>\n<button class=\"simplefavorite-button\" data-postid=\"60266\" data-siteid=\"1\" data-groupid=\"1\" data-favoritecount=\"0\" style=\"\">Favorite <i class=\"sf-icon-star-empty\"><\/i><\/button>","protected":false},"excerpt":{"rendered":"<p>Qual o futuro do Brasil? E quais os desafios que os novos eleitos em 2018 ter\u00e3o que assumir para tirar o pa\u00eds da crise na qual vive atualmente? Esses foram alguns dos questionamentos que encerraram o F\u00f3rum CFA de Gest\u00e3o P\u00fablica. O evento terminou nesta sexta-feira, 8 de junho, com a palestra &#8220;As cobran\u00e7as da<a class=\"read-more\" href=\"https:\/\/crarn.org.br\/?p=60266\"> [&hellip;]<\/a><\/p>\n","protected":false},"author":25,"featured_media":60267,"comment_status":"closed","ping_status":"closed","sticky":false,"template":"","format":"standard","meta":{"_price":"","_stock":"","_tribe_ticket_header":"","_tribe_default_ticket_provider":"","_tribe_ticket_capacity":"0","_ticket_start_date":"","_ticket_end_date":"","_tribe_ticket_show_description":"","_tribe_ticket_show_not_going":false,"_tribe_ticket_use_global_stock":"","_tribe_ticket_global_stock_level":"","_global_stock_mode":"","_global_stock_cap":"","_tribe_rsvp_for_event":"","_tribe_ticket_going_count":"","_tribe_ticket_not_going_count":"","_tribe_tickets_list":"[]","_tribe_ticket_has_attendee_info_fields":false,"footnotes":"","_links_to":"","_links_to_target":""},"categories":[313,309],"tags":[],"class_list":["post-60266","post","type-post","status-publish","format-standard","has-post-thumbnail","hentry","category-ano-2018","category-ultimas-noticias","entry","has-media"],"_links":{"self":[{"href":"https:\/\/crarn.org.br\/index.php?rest_route=\/wp\/v2\/posts\/60266","targetHints":{"allow":["GET"]}}],"collection":[{"href":"https:\/\/crarn.org.br\/index.php?rest_route=\/wp\/v2\/posts"}],"about":[{"href":"https:\/\/crarn.org.br\/index.php?rest_route=\/wp\/v2\/types\/post"}],"author":[{"embeddable":true,"href":"https:\/\/crarn.org.br\/index.php?rest_route=\/wp\/v2\/users\/25"}],"replies":[{"embeddable":true,"href":"https:\/\/crarn.org.br\/index.php?rest_route=%2Fwp%2Fv2%2Fcomments&post=60266"}],"version-history":[{"count":2,"href":"https:\/\/crarn.org.br\/index.php?rest_route=\/wp\/v2\/posts\/60266\/revisions"}],"predecessor-version":[{"id":62153,"href":"https:\/\/crarn.org.br\/index.php?rest_route=\/wp\/v2\/posts\/60266\/revisions\/62153"}],"wp:featuredmedia":[{"embeddable":true,"href":"https:\/\/crarn.org.br\/index.php?rest_route=\/wp\/v2\/media\/60267"}],"wp:attachment":[{"href":"https:\/\/crarn.org.br\/index.php?rest_route=%2Fwp%2Fv2%2Fmedia&parent=60266"}],"wp:term":[{"taxonomy":"category","embeddable":true,"href":"https:\/\/crarn.org.br\/index.php?rest_route=%2Fwp%2Fv2%2Fcategories&post=60266"},{"taxonomy":"post_tag","embeddable":true,"href":"https:\/\/crarn.org.br\/index.php?rest_route=%2Fwp%2Fv2%2Ftags&post=60266"}],"curies":[{"name":"wp","href":"https:\/\/api.w.org\/{rel}","templated":true}]}}