{"id":60153,"date":"2018-05-29T14:31:44","date_gmt":"2018-05-29T17:31:44","guid":{"rendered":"http:\/\/hostgator.cfa.org.br\/cramodelo\/?p=60153"},"modified":"2019-01-14T16:47:53","modified_gmt":"2019-01-14T18:47:53","slug":"jornal-o-dia-publica-novo-artigo-do-presidente-do-cfa","status":"publish","type":"post","link":"https:\/\/crarn.org.br\/?p=60153","title":{"rendered":"Jornal O Dia publica novo artigo do presidente do CFA"},"content":{"rendered":"<p>\u201cA gest\u00e3o p\u00fablica e o beija-m\u00e3o\u201d \u00e9 o t\u00edtulo do novo artigo do presidente do Conselho Federal de Administra\u00e7\u00e3o (CFA), Wagner Siqueira. O texto opinativo foi publicado hoje, 29, no jornal O Dia, do Rio de Janeiro.<\/p>\n<p>No artigo, Wagner comenta que a pol\u00edtica do \u201cjeitinho brasileiro\u201d faz parte da cultura do pa\u00eds desde o descobrimento. A carta que Pero Vaz de Caminha enviou para o rei de Portugal, Dom Manuel j\u00e1 revela troca de favores e, desde ent\u00e3o, o recente descoberto Brasil tornar-se-ia, infelizmente, um pa\u00eds do \u201ctoma l\u00e1, d\u00e1 c\u00e1\u201d.<\/p>\n<p>O artigo chama a aten\u00e7\u00e3o, ainda, para o gasto gerado pela administra\u00e7\u00e3o p\u00fablica com a contrata\u00e7\u00e3o de funcion\u00e1rios em cargos de confian\u00e7a e comissionados. Dados do Tribunal de Contas da Uni\u00e3o (TCU) revelam, por exemplo, que em 2016 foram dispendidos cerca de R$ 3,47 bilh\u00f5es por m\u00eas com essas contrata\u00e7\u00f5es.<\/p>\n<p><a href=\"https:\/\/odia.ig.com.br\/opiniao\/2018\/05\/5544306-a-gestao-publica-e-o-beija-mao.html\">Clique aqui<\/a> e leia o artigo completo.<\/p>\n<p>&nbsp;<\/p>\n<p>&nbsp;<\/p>\n<p>Assessoria de Comunica\u00e7\u00e3o CFA<\/p>\n<button class=\"simplefavorite-button\" data-postid=\"60153\" data-siteid=\"1\" data-groupid=\"1\" data-favoritecount=\"0\" style=\"\">Favorite <i class=\"sf-icon-star-empty\"><\/i><\/button>","protected":false},"excerpt":{"rendered":"<p>\u201cA gest\u00e3o p\u00fablica e o beija-m\u00e3o\u201d \u00e9 o t\u00edtulo do novo artigo do presidente do Conselho Federal de Administra\u00e7\u00e3o (CFA), Wagner Siqueira. O texto opinativo foi publicado hoje, 29, no jornal O Dia, do Rio de Janeiro. No artigo, Wagner comenta que a pol\u00edtica do \u201cjeitinho brasileiro\u201d faz parte da cultura do pa\u00eds desde o<a class=\"read-more\" href=\"https:\/\/crarn.org.br\/?p=60153\"> [&hellip;]<\/a><\/p>\n","protected":false},"author":25,"featured_media":60154,"comment_status":"closed","ping_status":"closed","sticky":false,"template":"","format":"standard","meta":{"_price":"","_stock":"","_tribe_ticket_header":"","_tribe_default_ticket_provider":"","_tribe_ticket_capacity":"0","_ticket_start_date":"","_ticket_end_date":"","_tribe_ticket_show_description":"","_tribe_ticket_show_not_going":false,"_tribe_ticket_use_global_stock":"","_tribe_ticket_global_stock_level":"","_global_stock_mode":"","_global_stock_cap":"","_tribe_rsvp_for_event":"","_tribe_ticket_going_count":"","_tribe_ticket_not_going_count":"","_tribe_tickets_list":"[]","_tribe_ticket_has_attendee_info_fields":false,"footnotes":"","_links_to":"","_links_to_target":""},"categories":[1],"tags":[],"class_list":["post-60153","post","type-post","status-publish","format-standard","has-post-thumbnail","hentry","category-sem-categoria","entry","has-media"],"_links":{"self":[{"href":"https:\/\/crarn.org.br\/index.php?rest_route=\/wp\/v2\/posts\/60153","targetHints":{"allow":["GET"]}}],"collection":[{"href":"https:\/\/crarn.org.br\/index.php?rest_route=\/wp\/v2\/posts"}],"about":[{"href":"https:\/\/crarn.org.br\/index.php?rest_route=\/wp\/v2\/types\/post"}],"author":[{"embeddable":true,"href":"https:\/\/crarn.org.br\/index.php?rest_route=\/wp\/v2\/users\/25"}],"replies":[{"embeddable":true,"href":"https:\/\/crarn.org.br\/index.php?rest_route=%2Fwp%2Fv2%2Fcomments&post=60153"}],"version-history":[{"count":1,"href":"https:\/\/crarn.org.br\/index.php?rest_route=\/wp\/v2\/posts\/60153\/revisions"}],"predecessor-version":[{"id":60155,"href":"https:\/\/crarn.org.br\/index.php?rest_route=\/wp\/v2\/posts\/60153\/revisions\/60155"}],"wp:featuredmedia":[{"embeddable":true,"href":"https:\/\/crarn.org.br\/index.php?rest_route=\/wp\/v2\/media\/60154"}],"wp:attachment":[{"href":"https:\/\/crarn.org.br\/index.php?rest_route=%2Fwp%2Fv2%2Fmedia&parent=60153"}],"wp:term":[{"taxonomy":"category","embeddable":true,"href":"https:\/\/crarn.org.br\/index.php?rest_route=%2Fwp%2Fv2%2Fcategories&post=60153"},{"taxonomy":"post_tag","embeddable":true,"href":"https:\/\/crarn.org.br\/index.php?rest_route=%2Fwp%2Fv2%2Ftags&post=60153"}],"curies":[{"name":"wp","href":"https:\/\/api.w.org\/{rel}","templated":true}]}}